[{"@context":"https:\/\/schema.org\/","@type":"Article","@id":"https:\/\/www.elimar.cz\/vyhlasky-v-praci\/#Article","mainEntityOfPage":"https:\/\/www.elimar.cz\/vyhlasky-v-praci\/","headline":"Vyhl\u00e1\u0161ky v pr\u00e1ci","name":"Vyhl\u00e1\u0161ky v pr\u00e1ci","description":"Kdy\u017e jsem se st\u011bhovala do nov\u00e9ho domu, tak jsem byla opravdu v sedm\u00e9m nebi. V\u016fbec jsem si nedok\u00e1zal p\u0159edstavit, \u017ee bych je\u0161t\u011b nad\u00e1le bydlela v takov\u00e9m mal\u00e9m byt\u011b, jako bylo tehdy jedna plus jedna. A \u0159ekla jsem si, \u017ee se mi v\u016fbec nechce bydlet v tak mal\u00e9m byt\u011b, proto\u017ee mi to p\u0159ijde, jako kdybych tam [&hellip;]","datePublished":"2023-04-29","dateModified":"2023-04-29","author":{"@type":"Person","@id":"https:\/\/www.elimar.cz\/author\/#Person","name":"","url":"https:\/\/www.elimar.cz\/author\/","identifier":1,"image":{"@type":"ImageObject","@id":"https:\/\/secure.gravatar.com\/avatar\/3c4e99fa9a9806cd5e8fd7cac6ca73ff5bbf5f3ee309e1745415eebd31482909?s=96&d=mm&r=g","url":"https:\/\/secure.gravatar.com\/avatar\/3c4e99fa9a9806cd5e8fd7cac6ca73ff5bbf5f3ee309e1745415eebd31482909?s=96&d=mm&r=g","height":96,"width":96}},"publisher":{"@type":"Organization","name":"elimar.cz","logo":{"@type":"ImageObject","@id":"\/logo.png","url":"\/logo.png","width":600,"height":60}},"image":{"@type":"ImageObject","@id":"https:\/\/www.elimar.cz\/wp-content\/uploads\/news-5238315_1280.jpg","url":"https:\/\/www.elimar.cz\/wp-content\/uploads\/news-5238315_1280.jpg","height":0,"width":0},"url":"https:\/\/www.elimar.cz\/vyhlasky-v-praci\/","about":["Www"],"wordCount":398,"articleBody":"   Kdy\u017e jsem se st\u011bhovala do nov\u00e9ho domu, tak jsem byla opravdu v sedm\u00e9m nebi. V\u016fbec jsem si nedok\u00e1zal p\u0159edstavit, \u017ee bych je\u0161t\u011b nad\u00e1le bydlela v takov\u00e9m mal\u00e9m byt\u011b, jako bylo tehdy jedna plus jedna. A \u0159ekla jsem si, \u017ee se mi v\u016fbec nechce bydlet v tak mal\u00e9m byt\u011b, proto\u017ee mi to p\u0159ijde, jako kdybych tam bydlela jenom v n\u011bjak\u00e9 mal\u00e9 m\u00edstnosti. Proto\u017ee ke mn\u011b je\u0161t\u011b \u010dasto chodila p\u0159esp\u00e1vat moje sestra, kter\u00e1 pr\u00e1v\u011b studovala ve vedlej\u0161\u00edm m\u011bst\u011b. Tak\u017ee si jist\u011b dok\u00e1\u017eete p\u0159edstavit, \u017ee jsme v\u016fbec nem\u011bly \u017e\u00e1dn\u00e9 soukrom\u00ed. Nakonec to dopadlo tak, \u017ee se potom sestra odst\u011bhovala se sv\u00fdm p\u0159\u00edtelem jinam a j\u00e1 jsem v mal\u00e9m byt\u011b z\u016fstala sama.Potom, kdy\u017e j\u00e1 jsem si na\u0161la p\u0159\u00edtele, tak jsme se s p\u0159\u00edtelem rozhodli, \u017ee se p\u0159est\u011bhujeme na vesnici. Samoz\u0159ejm\u011b, \u017ee tam jsou tak\u00e9 r\u016fzn\u00e9 elektronick\u00e9 vyhl\u00e1\u0161ky, kter\u00e9 se mus\u00ed dodr\u017eovat. A to jak v byt\u011b, tak tak\u00e9 jsou r\u016fzn\u00e9 podobn\u00e9 vyhl\u00e1\u0161ky na vesnic\u00edch a ve m\u011bstech. Elektroinstalace a vyhl\u00e1\u0161ka je opravdu hodn\u011b d\u016fle\u017eit\u00e1. Proto\u017ee samoz\u0159ejm\u011b spr\u00e1vn\u00fd odborn\u00edk v\u017edy m\u00e1 v\u011bdomosti a tak\u00e9 zku\u0161enosti. Samoz\u0159ejm\u011b, \u017ee tak\u00e9 ka\u017ed\u00fd technik se pot\u00fdk\u00e1 s r\u016fzn\u00fdmi probl\u00e9my a revizemi nebo elektroinstalac\u00ed. Mus\u00ed v\u0161echno spl\u0148ovat r\u016fzn\u00e9 podm\u00ednky. Proto tady tak\u00e9 existuje elektroinstalace vyhl\u00e1\u0161ky, co ale nen\u00ed pro ka\u017ed\u00e9ho. Pot\u0159ebuje to l\u00e9ta praxe a samoz\u0159ejm\u011b, odborn\u00edci a technici se mus\u00ed pravideln\u011b p\u0159e\u0161kolovat. A tak\u00e9 v\u0161ak st\u00e1le z\u016fst\u00e1v\u00e1 to, \u017ee elektroinstala\u010dn\u00ed technik mus\u00ed m\u00edt v\u017edycky n\u011bjakou vyhl\u00e1\u0161ku, aby mohl vykon\u00e1vat svou pr\u00e1ci, jinak by tohle nemohl d\u011blat. Samoz\u0159ejm\u011b, \u017ee se mus\u00ed st\u00e1le vyd\u011bl\u00e1vat ve sv\u00e9m oboru, aby v\u0161echno bylo v po\u0159\u00e1dku a tento technik m\u011bl st\u00e1le nov\u00e9 a nov\u00e9 zku\u0161enosti. M\u016f\u017eete tady z\u00edskat tak\u00e9 doklad o vzd\u011bl\u00e1n\u00ed v oblasti elektro anebo potvrzen\u00ed praxe. Tak\u00e9 se m\u016f\u017eete pod\u00edvat na webov\u00e9 str\u00e1nky revize-elektro-revtech.cz, kde se dozv\u00edte v\u00edce informac\u00ed o elektronick\u00e9 vyhl\u00e1\u0161ce.                                                                                                                                                                                                                                                                                                                                                                                                  "},{"@context":"https:\/\/schema.org\/","@type":"BreadcrumbList","itemListElement":[{"@type":"ListItem","position":1,"name":"Vyhl\u00e1\u0161ky v pr\u00e1ci","item":"https:\/\/www.elimar.cz\/vyhlasky-v-praci\/#breadcrumbitem"}]}]