[{"@context":"https:\/\/schema.org\/","@type":"Article","@id":"https:\/\/www.elimar.cz\/ubytovani-lednice-valtice-uprostred-romanticke-krajiny\/#Article","mainEntityOfPage":"https:\/\/www.elimar.cz\/ubytovani-lednice-valtice-uprostred-romanticke-krajiny\/","headline":"Ubytov\u00e1n\u00ed Lednice Valtice uprost\u0159ed romantick\u00e9 krajiny","name":"Ubytov\u00e1n\u00ed Lednice Valtice uprost\u0159ed romantick\u00e9 krajiny","description":"Lichten\u0161tejnov\u00e9 pat\u0159ili spolu s Ditrich\u0161tejny a Pern\u0161tejny k nejmocn\u011bj\u0161\u00edm \u0161lechtick\u00fdm rod\u016fm na Morav\u011b. Zat\u00edmco Pern\u0161tejnov\u00e9 vym\u0159eli ji\u017e v 17. stolet\u00ed a Ditrich\u0161tejnov\u00e9 v polovin\u011b 19. stolet\u00ed, Lichten\u0161tejnov\u00e9 si sv\u016fj rod udr\u017euj\u00ed dodnes a dokonce se dom\u00e1haj\u00ed sv\u00e9ho majetku, kter\u00fd jim byl (\u00fadajn\u011b nez\u00e1konn\u00fdm zp\u016fsobem) zabaven Bene\u0161ov\u00fdmi dekrety v roce 1945, po skon\u010den\u00ed druh\u00e9 sv\u011btov\u00e9 v\u00e1lky. [&hellip;]","datePublished":"2020-07-12","dateModified":"2023-11-29","author":{"@type":"Person","@id":"https:\/\/www.elimar.cz\/author\/#Person","name":"","url":"https:\/\/www.elimar.cz\/author\/","identifier":1,"image":{"@type":"ImageObject","@id":"https:\/\/secure.gravatar.com\/avatar\/3c4e99fa9a9806cd5e8fd7cac6ca73ff5bbf5f3ee309e1745415eebd31482909?s=96&d=mm&r=g","url":"https:\/\/secure.gravatar.com\/avatar\/3c4e99fa9a9806cd5e8fd7cac6ca73ff5bbf5f3ee309e1745415eebd31482909?s=96&d=mm&r=g","height":96,"width":96}},"publisher":{"@type":"Organization","name":"elimar.cz","logo":{"@type":"ImageObject","@id":"\/logo.png","url":"\/logo.png","width":600,"height":60}},"image":{"@type":"ImageObject","@id":"https:\/\/www.elimar.cz\/wp-content\/uploads\/z%C3%A1mek%20Lednice.JPG","url":"https:\/\/www.elimar.cz\/wp-content\/uploads\/z%C3%A1mek%20Lednice.JPG","height":0,"width":0},"url":"https:\/\/www.elimar.cz\/ubytovani-lednice-valtice-uprostred-romanticke-krajiny\/","about":["Business"],"wordCount":409,"articleBody":"      Lichten\u0161tejnov\u00e9 pat\u0159ili spolu s Ditrich\u0161tejny a Pern\u0161tejny k nejmocn\u011bj\u0161\u00edm \u0161lechtick\u00fdm rod\u016fm na Morav\u011b. Zat\u00edmco Pern\u0161tejnov\u00e9 vym\u0159eli ji\u017e v 17. stolet\u00ed a Ditrich\u0161tejnov\u00e9 v polovin\u011b 19. stolet\u00ed, Lichten\u0161tejnov\u00e9 si sv\u016fj rod udr\u017euj\u00ed dodnes a dokonce se dom\u00e1haj\u00ed sv\u00e9ho majetku, kter\u00fd jim byl (\u00fadajn\u011b nez\u00e1konn\u00fdm zp\u016fsobem) zabaven Bene\u0161ov\u00fdmi dekrety v roce 1945, po skon\u010den\u00ed druh\u00e9 sv\u011btov\u00e9 v\u00e1lky.Soudn\u00ed procesy se zab\u00fdvaj\u00ed obdob\u00edm po\u010d\u00e1tku dvac\u00e1t\u00e9ho stolet\u00ed, p\u0159edev\u0161\u00edm v souvislosti s druhou sv\u011btovou v\u00e1lkou, ov\u0161em m\u011bli bychom si tak\u00e9 uv\u011bdomit dal\u0161\u00ed historick\u00e1 fakta. P\u0159edev\u0161\u00edm stavovsk\u00e9 povst\u00e1n\u00ed a bitvu na B\u00edl\u00e9 ho\u0159e. Lichten\u0161tejnov\u00e9 tehdy z\u00edskali zna\u010dnou \u010d\u00e1st sv\u00e9ho majetku konfiskac\u00ed statk\u016f, kter\u00e9 pat\u0159ily \u010desk\u00fdm stav\u016fm, a t\u00edm se stali jedn\u00edm z nejbohat\u0161\u00edch a nejvlivn\u011bj\u0161\u00edch rod\u016f v \u010cech\u00e1ch i na Morav\u011b. Podobn\u011b jako Eggenbergov\u00e9, kte\u0159\u00ed nap\u0159. vlastnili z\u00e1mek \u010cesk\u00fd Krumlov, zam\u011bstn\u00e1vali p\u016fl druh\u00e9ho tis\u00edce rodin, kte\u0159\u00ed nepracovali svobodn\u011b, n\u00fdbr\u017e jako poddan\u00ed v r\u00e1mci feud\u00e1ln\u00edch pravidel.Lednicko-valtick\u00fd are\u00e1lJednou z pam\u00e1tek, kter\u00e9 v soudn\u00edch sporech figuruj\u00ed, je Lednicko-valtick\u00fd are\u00e1l. Je to jeden z nejzaj\u00edmav\u011bj\u0161\u00edch, nejv\u011bt\u0161\u00edch a nejkr\u00e1sn\u011bj\u0161\u00edch krajinn\u00fdch park\u016f na cel\u00e9m sv\u011bt\u011b a ten se Lichten\u0161tejn\u016fm poda\u0159ilo vybudovat z\u00e1sluhou jejich tv\u016fr\u010d\u00ed invence, inspirovan\u00e9 tehdej\u0161\u00ed dobou, ov\u0161em tak\u00e9 d\u00edky jejich rozs\u00e1hl\u00e9mu majetku. Pokud jste dosud tento p\u0159ekr\u00e1sn\u00fd kout republiky dosud nenav\u0161t\u00edvili, m\u016f\u017eete to napravit nyn\u00ed, v dob\u011b, kdy epidemie koronaviru m\u011bn\u00ed zvyklosti dovolenkov\u00fdch pobyt\u016f a mnoz\u00ed z n\u00e1s cestuj\u00ed v\u00edce po \u010cesk\u00e9 republice.Ubytov\u00e1n\u00ed Lednice Valtice zaji\u0161\u0165uj\u00ed modern\u00ed hotelov\u00e9 komplexy a cel\u00e1 oblast je protk\u00e1na s\u00edt\u00ed cyklistick\u00fdch tras. Rovinat\u00fd r\u00e1z ter\u00e9nu umo\u017e\u0148uje relaxa\u010dn\u00ed pobyt i rodin\u00e1m s d\u011btmi a je zde tak\u00e9 nejv\u011bt\u0161\u00ed po\u010det slune\u010dn\u00fdch dn\u016f na na\u0161em \u00fazem\u00ed. B\u0159eclavsko toti\u017e pat\u0159\u00ed ji\u017e po stalet\u00ed k \u00farodn\u00fdm vina\u0159sk\u00fdm oblastem, prvn\u00ed vinice zde byly zakl\u00e1d\u00e1ny ji\u017e \u0159\u00edmsk\u00fdmi legion\u00e1\u0159i a pravd\u011bpodobn\u011b se nenajde nikdo, kdo by neochutnal n\u011bkter\u00e9 z tradi\u010dn\u00edch vina\u0159sk\u00fdch produkt\u016f.                                                                                                                                                                                                                                                                                                                                                                                          4.4\/5 - (14 votes)        "},{"@context":"https:\/\/schema.org\/","@type":"BreadcrumbList","itemListElement":[{"@type":"ListItem","position":1,"name":"Ubytov\u00e1n\u00ed Lednice Valtice uprost\u0159ed romantick\u00e9 krajiny","item":"https:\/\/www.elimar.cz\/ubytovani-lednice-valtice-uprostred-romanticke-krajiny\/#breadcrumbitem"}]}]