[{"@context":"https:\/\/schema.org\/","@type":"Article","@id":"https:\/\/www.elimar.cz\/praha-neni-jen-rusne-velkomesto\/#Article","mainEntityOfPage":"https:\/\/www.elimar.cz\/praha-neni-jen-rusne-velkomesto\/","headline":"Praha nen\u00ed jen ru\u0161n\u00e9 velkom\u011bsto","name":"Praha nen\u00ed jen ru\u0161n\u00e9 velkom\u011bsto","description":"Do Prahy se mnoz\u00ed z\u00a0n\u00e1s hrnou p\u0159edev\u0161\u00edm za pracovn\u00edmi p\u0159\u00edle\u017eitostmi, je to pro n\u011b nejvy\u0161\u0161\u00ed priorita a v\u00a0z\u00e1sad\u011b mohou p\u0159istoupit i na to, \u017ee budou tr\u00e1vit v\u00a0kancel\u00e1\u0159i nebo v\u00fdrobn\u00ed hale v\u011bt\u0161inu pracovn\u00ed doby. Uzav\u0159eni v\u00a0prostoru za um\u011bl\u00e9ho osv\u011btlen\u00ed, tak\u017ee v\u011bt\u0161inu slune\u010dn\u00edho UV z\u00e1\u0159en\u00ed promarn\u00ed a deficit vitam\u00ednu D pak doh\u00e1n\u00ed v\u00a0sol\u00e1ri\u00edch nebo vitam\u00ednov\u00fdmi dopl\u0148ky. Pochopiteln\u011b [&hellip;]","datePublished":"2022-02-11","dateModified":"2023-05-15","author":{"@type":"Person","@id":"https:\/\/www.elimar.cz\/author\/#Person","name":"","url":"https:\/\/www.elimar.cz\/author\/","identifier":1,"image":{"@type":"ImageObject","@id":"https:\/\/secure.gravatar.com\/avatar\/3c4e99fa9a9806cd5e8fd7cac6ca73ff5bbf5f3ee309e1745415eebd31482909?s=96&d=mm&r=g","url":"https:\/\/secure.gravatar.com\/avatar\/3c4e99fa9a9806cd5e8fd7cac6ca73ff5bbf5f3ee309e1745415eebd31482909?s=96&d=mm&r=g","height":96,"width":96}},"publisher":{"@type":"Organization","name":"elimar.cz","logo":{"@type":"ImageObject","@id":"\/logo.png","url":"\/logo.png","width":600,"height":60}},"image":{"@type":"ImageObject","@id":"https:\/\/www.elimar.cz\/wp-content\/uploads\/prague-5405693_640.jpg","url":"https:\/\/www.elimar.cz\/wp-content\/uploads\/prague-5405693_640.jpg","height":0,"width":0},"url":"https:\/\/www.elimar.cz\/praha-neni-jen-rusne-velkomesto\/","about":["Cestov\u00e1n\u00ed"],"wordCount":457,"articleBody":"Do Prahy se mnoz\u00ed z\u00a0n\u00e1s hrnou p\u0159edev\u0161\u00edm za pracovn\u00edmi p\u0159\u00edle\u017eitostmi, je to pro n\u011b nejvy\u0161\u0161\u00ed priorita a v\u00a0z\u00e1sad\u011b mohou p\u0159istoupit i na to, \u017ee budou tr\u00e1vit v\u00a0kancel\u00e1\u0159i nebo v\u00fdrobn\u00ed hale v\u011bt\u0161inu pracovn\u00ed doby. Uzav\u0159eni v\u00a0prostoru za um\u011bl\u00e9ho osv\u011btlen\u00ed, tak\u017ee v\u011bt\u0161inu slune\u010dn\u00edho UV z\u00e1\u0159en\u00ed promarn\u00ed a deficit vitam\u00ednu D pak doh\u00e1n\u00ed v\u00a0sol\u00e1ri\u00edch nebo vitam\u00ednov\u00fdmi dopl\u0148ky.Pochopiteln\u011b jsme zde uvedli jen absurdn\u00ed p\u0159\u00edklad, nejsou v\u0161ichni takov\u00ed, jak podle jedn\u00e9 \u0161ablony, na\u0161t\u011bst\u00ed si \u0159ada Pra\u017ean\u016f i n\u00e1v\u0161t\u011bvn\u00edk\u016f Prahy uv\u011bdomuje, jak p\u0159ekr\u00e1sn\u00e9 m\u011bsto to je, a jak\u00e9 poskytuje mo\u017enosti vy\u017eit\u00ed v\u00a0exteri\u00e9ru.Praha je \u010dlenit\u00e1 a kopcovit\u00e1\u00a0\u2013 kdy\u017e zav\u00edt\u00e1te t\u0159eba do takov\u00e9 Opavy nebo Ostravy, z\u00e1hy pochop\u00edte, \u017ee v\u011bt\u0161ina d\u011bn\u00ed se tam odehr\u00e1v\u00e1 v\u00a0jedn\u00e9 rovin\u011b, a to v\u00e1m za jist\u00fd \u010das m\u016f\u017ee za\u010d\u00edt p\u0159ipadat nudn\u00e9 a a\u017e p\u0159\u00edli\u0161 jednotv\u00e1rn\u00e9. Samoz\u0159ejm\u011b, \u017ee i v\u00a0Opav\u011b a v\u00a0Ostrav\u011b se najdou vyv\u00fd\u0161en\u00e1 m\u00edsta, ale v\u00a0Praze je jich rozhodn\u011b mnohem v\u00edce. Praha je \u010dlenit\u011bj\u0161\u00ed, rovinu zauj\u00edm\u00e1 zejm\u00e9na oblast Star\u00e9ho m\u011bsta kolem Vltavy, ale dal\u0161\u00ed m\u011bstsk\u00e9 \u010d\u00e1sti vyu\u017e\u00edvaj\u00ed ter\u00e9nn\u00edch nerovnost\u00ed a\u017e neuv\u011b\u0159iteln\u00fdm zp\u016fsobem. P\u0159esv\u011bd\u010d\u00edte se o tom sami t\u0159eba na \u017di\u017ekov\u011b, v\u00a0Dejvic\u00edch, na Sm\u00edchov\u011b, v\u00a0B\u0159evnov\u011b, na Chodov\u011b, na Spo\u0159ilov\u011b, v\u00a0Kobylis\u00edch, v\u00a0Tr\u00f3ji, a mohli bychom d\u00e1le jmenovat dal\u0161\u00ed m\u011bstsk\u00e9 obvody, kde je kopc\u016f v\u00edce, ne\u017e dost.V\u00a0Praze je tolik p\u0159\u00edrodn\u00edch pam\u00e1tek, \u017ee je to a\u017e k\u00a0neuv\u011b\u0159en\u00ed &#8211; \u00a0\u017ee je Praha bohat\u00e1 na stavebn\u00ed pam\u00e1tky, v\u00ed ka\u017ed\u00fd, ale \u017ee tu najdete i rozs\u00e1hl\u00e9 p\u0159\u00edrodn\u00ed parky, kter\u00e9 konkuruj\u00ed svou kr\u00e1sou a biologickou rozmanitost\u00ed horsk\u00fdm celk\u016fm, to byste mo\u017en\u00e1 netu\u0161ili. V\u0159ele doporu\u010dit v\u00e1m m\u016f\u017eeme Divokou \u0160\u00e1rku s\u00a0mnoha skalnat\u00fdmi v\u00fdb\u011b\u017eky a p\u0159ekr\u00e1sn\u00fdmi rozhledy, m\u016f\u017eete si ji projet t\u0159eba na kole a je mo\u017en\u00e9 se tu v\u00a0l\u00e9t\u011b koupat v\u00a0n\u00e1dr\u017ei D\u017eb\u00e1n nebo ve venkovn\u00edm plaveck\u00e9m baz\u00e9nu.Minout bez pov\u0161imnut\u00ed byste nem\u011bli ani Prokopsk\u00e9 \u00fadol\u00ed, jsou tu op\u011bt zaj\u00edmav\u00e9 vyhl\u00eddkov\u00e9 body a sm\u011b\u0159uje tudy vlakov\u00e1 tra\u0165 se dv\u011bma zaj\u00edmav\u00fdmi viadukty v Hlubo\u010dep\u00edch, kter\u00e9 jsou sou\u010d\u00e1st\u00ed Pra\u017esk\u00e9ho Semmeringu.                                                                                                                                                                                                                                                                                                                                                                                        3.8\/5 - (10 votes)        "},{"@context":"https:\/\/schema.org\/","@type":"BreadcrumbList","itemListElement":[{"@type":"ListItem","position":1,"name":"Praha nen\u00ed jen ru\u0161n\u00e9 velkom\u011bsto","item":"https:\/\/www.elimar.cz\/praha-neni-jen-rusne-velkomesto\/#breadcrumbitem"}]}]