[{"@context":"https:\/\/schema.org\/","@type":"Blog","@id":"https:\/\/www.elimar.cz#Blog","headline":"Elimar","description":"\nNev\u00edte, co si po\u010d\u00edt se sv\u00fdm voln\u00fdm nadbyte\u010dn\u00fdm \u010dasem? My bychom pro v\u00e1s nejsp\u00ed\u0161e n\u011bco m\u011bli. Zav\u00edtejte na n\u00e1\u0161 web a uvid\u00edte, co m\u00e1me na mysli.","url":"https:\/\/www.elimar.cz","hasPart":[{"@type":"Article","@id":"https:\/\/www.elimar.cz\/cim-by-vas-mely-oslovit-volnocasove-nezateplene-kalhoty-pro-muze\/","headline":"\u010c\u00edm by v\u00e1s m\u011bly oslovit volno\u010dasov\u00e9 nezateplen\u00e9 kalhoty pro mu\u017ee","url":"https:\/\/www.elimar.cz\/cim-by-vas-mely-oslovit-volnocasove-nezateplene-kalhoty-pro-muze\/","datePublished":"2022-09-27","dateModified":"2022-09-27","mainEntityOfPage":"https:\/\/www.elimar.cz\/cim-by-vas-mely-oslovit-volnocasove-nezateplene-kalhoty-pro-muze\/","author":{"@type":"Person","@id":"https:\/\/www.elimar.cz\/author\/#Person","name":"","url":"https:\/\/www.elimar.cz\/author\/","identifier":1,"image":{"@type":"ImageObject","@id":"https:\/\/secure.gravatar.com\/avatar\/3c4e99fa9a9806cd5e8fd7cac6ca73ff5bbf5f3ee309e1745415eebd31482909?s=96&d=mm&r=g","url":"https:\/\/secure.gravatar.com\/avatar\/3c4e99fa9a9806cd5e8fd7cac6ca73ff5bbf5f3ee309e1745415eebd31482909?s=96&d=mm&r=g","height":96,"width":96}},"publisher":{"@type":"Organization","name":"elimar.cz","logo":{"@type":"ImageObject","@id":"\/logo.png","url":"\/logo.png","width":600,"height":60}},"image":{"@type":"ImageObject","@id":"https:\/\/www.elimar.cz\/wp-content\/uploads\/adventure-g88ff5ab00_640.jpg","url":"https:\/\/www.elimar.cz\/wp-content\/uploads\/adventure-g88ff5ab00_640.jpg","height":0,"width":0},"wordCount":610,"keywords":null},{"@type":"Article","@id":"https:\/\/www.elimar.cz\/sacky-na-zip-vyuzijete-vsude\/","headline":"S\u00e1\u010dky na zip vyu\u017eijete v\u0161ude","url":"https:\/\/www.elimar.cz\/sacky-na-zip-vyuzijete-vsude\/","datePublished":"2022-08-14","dateModified":"2023-05-15","mainEntityOfPage":"https:\/\/www.elimar.cz\/sacky-na-zip-vyuzijete-vsude\/","author":{"@type":"Person","@id":"https:\/\/www.elimar.cz\/author\/#Person","name":"","url":"https:\/\/www.elimar.cz\/author\/","identifier":1,"image":{"@type":"ImageObject","@id":"https:\/\/secure.gravatar.com\/avatar\/3c4e99fa9a9806cd5e8fd7cac6ca73ff5bbf5f3ee309e1745415eebd31482909?s=96&d=mm&r=g","url":"https:\/\/secure.gravatar.com\/avatar\/3c4e99fa9a9806cd5e8fd7cac6ca73ff5bbf5f3ee309e1745415eebd31482909?s=96&d=mm&r=g","height":96,"width":96}},"publisher":{"@type":"Organization","name":"elimar.cz","logo":{"@type":"ImageObject","@id":"\/logo.png","url":"\/logo.png","width":600,"height":60}},"image":{"@type":"ImageObject","@id":"https:\/\/www.elimar.cz\/wp-content\/uploads\/imitation-jewelry-1905331_640.jpg","url":"https:\/\/www.elimar.cz\/wp-content\/uploads\/imitation-jewelry-1905331_640.jpg","height":0,"width":0},"wordCount":531,"keywords":null},{"@type":"Article","@id":"https:\/\/www.elimar.cz\/kam-skladovat\/","headline":"Kam skladovat?","url":"https:\/\/www.elimar.cz\/kam-skladovat\/","datePublished":"2022-07-15","dateModified":"2022-07-15","mainEntityOfPage":"https:\/\/www.elimar.cz\/kam-skladovat\/","author":{"@type":"Person","@id":"https:\/\/www.elimar.cz\/author\/#Person","name":"","url":"https:\/\/www.elimar.cz\/author\/","identifier":1,"image":{"@type":"ImageObject","@id":"https:\/\/secure.gravatar.com\/avatar\/3c4e99fa9a9806cd5e8fd7cac6ca73ff5bbf5f3ee309e1745415eebd31482909?s=96&d=mm&r=g","url":"https:\/\/secure.gravatar.com\/avatar\/3c4e99fa9a9806cd5e8fd7cac6ca73ff5bbf5f3ee309e1745415eebd31482909?s=96&d=mm&r=g","height":96,"width":96}},"publisher":{"@type":"Organization","name":"elimar.cz","logo":{"@type":"ImageObject","@id":"\/logo.png","url":"\/logo.png","width":600,"height":60}},"image":{"@type":"ImageObject","@id":"https:\/\/www.elimar.cz\/wp-content\/uploads\/istockphoto-1363966503-2048x2048.jpg","url":"https:\/\/www.elimar.cz\/wp-content\/uploads\/istockphoto-1363966503-2048x2048.jpg","height":0,"width":0},"wordCount":574,"keywords":null},{"@type":"Article","@id":"https:\/\/www.elimar.cz\/vyucujici-technickych-oboru\/","headline":"Vyu\u010duj\u00edc\u00ed technick\u00fdch obor\u016f","url":"https:\/\/www.elimar.cz\/vyucujici-technickych-oboru\/","datePublished":"2022-06-29","dateModified":"2023-05-15","mainEntityOfPage":"https:\/\/www.elimar.cz\/vyucujici-technickych-oboru\/","author":{"@type":"Person","@id":"https:\/\/www.elimar.cz\/author\/#Person","name":"","url":"https:\/\/www.elimar.cz\/author\/","identifier":1,"image":{"@type":"ImageObject","@id":"https:\/\/secure.gravatar.com\/avatar\/3c4e99fa9a9806cd5e8fd7cac6ca73ff5bbf5f3ee309e1745415eebd31482909?s=96&d=mm&r=g","url":"https:\/\/secure.gravatar.com\/avatar\/3c4e99fa9a9806cd5e8fd7cac6ca73ff5bbf5f3ee309e1745415eebd31482909?s=96&d=mm&r=g","height":96,"width":96}},"publisher":{"@type":"Organization","name":"elimar.cz","logo":{"@type":"ImageObject","@id":"\/logo.png","url":"\/logo.png","width":600,"height":60}},"image":{"@type":"ImageObject","@id":"https:\/\/www.elimar.cz\/wp-content\/uploads\/u%C4%8D_2.JPG","url":"https:\/\/www.elimar.cz\/wp-content\/uploads\/u%C4%8D_2.JPG","height":0,"width":0},"wordCount":767,"keywords":null},{"@type":"Article","@id":"https:\/\/www.elimar.cz\/vyroba-bazenu-z-pp\/","headline":"V\u00fdroba baz\u00e9n\u016f z PP","url":"https:\/\/www.elimar.cz\/vyroba-bazenu-z-pp\/","datePublished":"2022-06-12","dateModified":"2022-06-12","mainEntityOfPage":"https:\/\/www.elimar.cz\/vyroba-bazenu-z-pp\/","author":{"@type":"Person","@id":"https:\/\/www.elimar.cz\/author\/#Person","name":"","url":"https:\/\/www.elimar.cz\/author\/","identifier":1,"image":{"@type":"ImageObject","@id":"https:\/\/secure.gravatar.com\/avatar\/3c4e99fa9a9806cd5e8fd7cac6ca73ff5bbf5f3ee309e1745415eebd31482909?s=96&d=mm&r=g","url":"https:\/\/secure.gravatar.com\/avatar\/3c4e99fa9a9806cd5e8fd7cac6ca73ff5bbf5f3ee309e1745415eebd31482909?s=96&d=mm&r=g","height":96,"width":96}},"publisher":{"@type":"Organization","name":"elimar.cz","logo":{"@type":"ImageObject","@id":"\/logo.png","url":"\/logo.png","width":600,"height":60}},"image":{"@type":"ImageObject","@id":"https:\/\/www.elimar.cz\/wp-content\/uploads\/text%20pr.jpg","url":"https:\/\/www.elimar.cz\/wp-content\/uploads\/text%20pr.jpg","height":0,"width":0},"wordCount":522,"keywords":null},{"@type":"Article","@id":"https:\/\/www.elimar.cz\/muzi-a-libani\/","headline":"Mu\u017ei a l\u00edb\u00e1n\u00ed","url":"https:\/\/www.elimar.cz\/muzi-a-libani\/","datePublished":"2022-06-01","dateModified":"2022-06-01","mainEntityOfPage":"https:\/\/www.elimar.cz\/muzi-a-libani\/","author":{"@type":"Person","@id":"https:\/\/www.elimar.cz\/author\/#Person","name":"","url":"https:\/\/www.elimar.cz\/author\/","identifier":1,"image":{"@type":"ImageObject","@id":"https:\/\/secure.gravatar.com\/avatar\/3c4e99fa9a9806cd5e8fd7cac6ca73ff5bbf5f3ee309e1745415eebd31482909?s=96&d=mm&r=g","url":"https:\/\/secure.gravatar.com\/avatar\/3c4e99fa9a9806cd5e8fd7cac6ca73ff5bbf5f3ee309e1745415eebd31482909?s=96&d=mm&r=g","height":96,"width":96}},"publisher":{"@type":"Organization","name":"elimar.cz","logo":{"@type":"ImageObject","@id":"\/logo.png","url":"\/logo.png","width":600,"height":60}},"image":{"@type":"ImageObject","@id":"https:\/\/www.elimar.cz\/wp-content\/uploads\/mu%C5%BE.PNG","url":"https:\/\/www.elimar.cz\/wp-content\/uploads\/mu%C5%BE.PNG","height":0,"width":0},"wordCount":755,"keywords":null},{"@type":"Article","@id":"https:\/\/www.elimar.cz\/je-li-v-podnikani-zle\/","headline":"Je-li v podnik\u00e1n\u00ed zle","url":"https:\/\/www.elimar.cz\/je-li-v-podnikani-zle\/","datePublished":"2022-05-30","dateModified":"2023-05-15","mainEntityOfPage":"https:\/\/www.elimar.cz\/je-li-v-podnikani-zle\/","author":{"@type":"Person","@id":"https:\/\/www.elimar.cz\/author\/#Person","name":"","url":"https:\/\/www.elimar.cz\/author\/","identifier":1,"image":{"@type":"ImageObject","@id":"https:\/\/secure.gravatar.com\/avatar\/3c4e99fa9a9806cd5e8fd7cac6ca73ff5bbf5f3ee309e1745415eebd31482909?s=96&d=mm&r=g","url":"https:\/\/secure.gravatar.com\/avatar\/3c4e99fa9a9806cd5e8fd7cac6ca73ff5bbf5f3ee309e1745415eebd31482909?s=96&d=mm&r=g","height":96,"width":96}},"publisher":{"@type":"Organization","name":"elimar.cz","logo":{"@type":"ImageObject","@id":"\/logo.png","url":"\/logo.png","width":600,"height":60}},"image":{"@type":"ImageObject","@id":"https:\/\/www.elimar.cz\/wp-content\/uploads\/eura%20ve%20vzduchu.jpg","url":"https:\/\/www.elimar.cz\/wp-content\/uploads\/eura%20ve%20vzduchu.jpg","height":0,"width":0},"wordCount":715,"keywords":null},{"@type":"Article","@id":"https:\/\/www.elimar.cz\/nebojim-se-uz-sveho-zubare\/","headline":"Neboj\u00edm se u\u017e sv\u00e9ho zuba\u0159e.","url":"https:\/\/www.elimar.cz\/nebojim-se-uz-sveho-zubare\/","datePublished":"2022-04-11","dateModified":"2023-05-15","mainEntityOfPage":"https:\/\/www.elimar.cz\/nebojim-se-uz-sveho-zubare\/","author":{"@type":"Person","@id":"https:\/\/www.elimar.cz\/author\/#Person","name":"","url":"https:\/\/www.elimar.cz\/author\/","identifier":1,"image":{"@type":"ImageObject","@id":"https:\/\/secure.gravatar.com\/avatar\/3c4e99fa9a9806cd5e8fd7cac6ca73ff5bbf5f3ee309e1745415eebd31482909?s=96&d=mm&r=g","url":"https:\/\/secure.gravatar.com\/avatar\/3c4e99fa9a9806cd5e8fd7cac6ca73ff5bbf5f3ee309e1745415eebd31482909?s=96&d=mm&r=g","height":96,"width":96}},"publisher":{"@type":"Organization","name":"elimar.cz","logo":{"@type":"ImageObject","@id":"\/logo.png","url":"\/logo.png","width":600,"height":60}},"image":{"@type":"ImageObject","@id":"https:\/\/www.elimar.cz\/wp-content\/uploads\/teeth-g90993635d_640_1.png","url":"https:\/\/www.elimar.cz\/wp-content\/uploads\/teeth-g90993635d_640_1.png","height":0,"width":0},"wordCount":617,"keywords":null},{"@type":"Article","@id":"https:\/\/www.elimar.cz\/praha-neni-jen-rusne-velkomesto\/","headline":"Praha nen\u00ed jen ru\u0161n\u00e9 velkom\u011bsto","url":"https:\/\/www.elimar.cz\/praha-neni-jen-rusne-velkomesto\/","datePublished":"2022-02-11","dateModified":"2023-05-15","mainEntityOfPage":"https:\/\/www.elimar.cz\/praha-neni-jen-rusne-velkomesto\/","author":{"@type":"Person","@id":"https:\/\/www.elimar.cz\/author\/#Person","name":"","url":"https:\/\/www.elimar.cz\/author\/","identifier":1,"image":{"@type":"ImageObject","@id":"https:\/\/secure.gravatar.com\/avatar\/3c4e99fa9a9806cd5e8fd7cac6ca73ff5bbf5f3ee309e1745415eebd31482909?s=96&d=mm&r=g","url":"https:\/\/secure.gravatar.com\/avatar\/3c4e99fa9a9806cd5e8fd7cac6ca73ff5bbf5f3ee309e1745415eebd31482909?s=96&d=mm&r=g","height":96,"width":96}},"publisher":{"@type":"Organization","name":"elimar.cz","logo":{"@type":"ImageObject","@id":"\/logo.png","url":"\/logo.png","width":600,"height":60}},"image":{"@type":"ImageObject","@id":"https:\/\/www.elimar.cz\/wp-content\/uploads\/prague-5405693_640.jpg","url":"https:\/\/www.elimar.cz\/wp-content\/uploads\/prague-5405693_640.jpg","height":0,"width":0},"wordCount":620,"keywords":null},{"@type":"Article","@id":"https:\/\/www.elimar.cz\/nestesti-nechodi-po-horach-ale-obcas-se-s-nim-bohuzel-potkate-pri-autonehode\/","headline":"Ne\u0161t\u011bst\u00ed nechod\u00ed po hor\u00e1ch, ale ob\u010das se s n\u00edm, bohu\u017eel, potk\u00e1te p\u0159i autonehod\u011b\u2026","url":"https:\/\/www.elimar.cz\/nestesti-nechodi-po-horach-ale-obcas-se-s-nim-bohuzel-potkate-pri-autonehode\/","datePublished":"2022-01-23","dateModified":"2023-05-15","mainEntityOfPage":"https:\/\/www.elimar.cz\/nestesti-nechodi-po-horach-ale-obcas-se-s-nim-bohuzel-potkate-pri-autonehode\/","author":{"@type":"Person","@id":"https:\/\/www.elimar.cz\/author\/#Person","name":"","url":"https:\/\/www.elimar.cz\/author\/","identifier":1,"image":{"@type":"ImageObject","@id":"https:\/\/secure.gravatar.com\/avatar\/3c4e99fa9a9806cd5e8fd7cac6ca73ff5bbf5f3ee309e1745415eebd31482909?s=96&d=mm&r=g","url":"https:\/\/secure.gravatar.com\/avatar\/3c4e99fa9a9806cd5e8fd7cac6ca73ff5bbf5f3ee309e1745415eebd31482909?s=96&d=mm&r=g","height":96,"width":96}},"publisher":{"@type":"Organization","name":"elimar.cz","logo":{"@type":"ImageObject","@id":"\/logo.png","url":"\/logo.png","width":600,"height":60}},"image":{"@type":"ImageObject","@id":"https:\/\/www.elimar.cz\/wp-content\/uploads\/nehoda%20n%C3%A1sledky_1.png","url":"https:\/\/www.elimar.cz\/wp-content\/uploads\/nehoda%20n%C3%A1sledky_1.png","height":0,"width":0},"wordCount":584,"keywords":null}]},{"@context":"https:\/\/schema.org","@type":"WebSite","@id":"https:\/\/www.elimar.cz\/#website","name":"Elimar","url":"https:\/\/www.elimar.cz","potentialAction":{"@type":"SearchAction","target":"https:\/\/www.elimar.cz\/?s={search_term_string}","query-input":"required name=search_term_string"}}]