[{"@context":"https:\/\/schema.org\/","@type":"Blog","@id":"https:\/\/www.elimar.cz#Blog","headline":"Elimar","description":"\nNev\u00edte, co si po\u010d\u00edt se sv\u00fdm voln\u00fdm nadbyte\u010dn\u00fdm \u010dasem? My bychom pro v\u00e1s nejsp\u00ed\u0161e n\u011bco m\u011bli. Zav\u00edtejte na n\u00e1\u0161 web a uvid\u00edte, co m\u00e1me na mysli.","url":"https:\/\/www.elimar.cz","hasPart":[{"@type":"Article","@id":"https:\/\/www.elimar.cz\/vyuzijte-lecbu-hemoroidu-vcas\/","headline":"Vyu\u017eijte l\u00e9\u010dbu hemoroid\u016f v\u010das","url":"https:\/\/www.elimar.cz\/vyuzijte-lecbu-hemoroidu-vcas\/","datePublished":"2023-09-27","dateModified":"2023-09-27","mainEntityOfPage":"https:\/\/www.elimar.cz\/vyuzijte-lecbu-hemoroidu-vcas\/","author":{"@type":"Person","@id":"https:\/\/www.elimar.cz\/author\/#Person","name":"","url":"https:\/\/www.elimar.cz\/author\/","identifier":1,"image":{"@type":"ImageObject","@id":"https:\/\/secure.gravatar.com\/avatar\/3c4e99fa9a9806cd5e8fd7cac6ca73ff5bbf5f3ee309e1745415eebd31482909?s=96&d=mm&r=g","url":"https:\/\/secure.gravatar.com\/avatar\/3c4e99fa9a9806cd5e8fd7cac6ca73ff5bbf5f3ee309e1745415eebd31482909?s=96&d=mm&r=g","height":96,"width":96}},"publisher":{"@type":"Organization","name":"elimar.cz","logo":{"@type":"ImageObject","@id":"\/logo.png","url":"\/logo.png","width":600,"height":60}},"image":null,"wordCount":284,"keywords":null},{"@type":"Article","@id":"https:\/\/www.elimar.cz\/dulezite-prvky-doma\/","headline":"D\u016fle\u017eit\u00e9 prvky doma","url":"https:\/\/www.elimar.cz\/dulezite-prvky-doma\/","datePublished":"2023-09-01","dateModified":"2024-02-19","mainEntityOfPage":"https:\/\/www.elimar.cz\/dulezite-prvky-doma\/","author":{"@type":"Person","@id":"https:\/\/www.elimar.cz\/author\/#Person","name":"","url":"https:\/\/www.elimar.cz\/author\/","identifier":1,"image":{"@type":"ImageObject","@id":"https:\/\/secure.gravatar.com\/avatar\/3c4e99fa9a9806cd5e8fd7cac6ca73ff5bbf5f3ee309e1745415eebd31482909?s=96&d=mm&r=g","url":"https:\/\/secure.gravatar.com\/avatar\/3c4e99fa9a9806cd5e8fd7cac6ca73ff5bbf5f3ee309e1745415eebd31482909?s=96&d=mm&r=g","height":96,"width":96}},"publisher":{"@type":"Organization","name":"elimar.cz","logo":{"@type":"ImageObject","@id":"\/logo.png","url":"\/logo.png","width":600,"height":60}},"image":{"@type":"ImageObject","@id":"https:\/\/www.elimar.cz\/wp-content\/uploads\/stairs-1356767_640_1.jpg","url":"https:\/\/www.elimar.cz\/wp-content\/uploads\/stairs-1356767_640_1.jpg","height":0,"width":0},"wordCount":513,"keywords":null},{"@type":"Article","@id":"https:\/\/www.elimar.cz\/premyslite-nad-modernizaci-sve-domacnosti\/","headline":"P\u0159em\u00fd\u0161l\u00edte nad modernizac\u00ed sv\u00e9 dom\u00e1cnosti?","url":"https:\/\/www.elimar.cz\/premyslite-nad-modernizaci-sve-domacnosti\/","datePublished":"2023-08-20","dateModified":"2023-08-20","mainEntityOfPage":"https:\/\/www.elimar.cz\/premyslite-nad-modernizaci-sve-domacnosti\/","author":{"@type":"Person","@id":"https:\/\/www.elimar.cz\/author\/#Person","name":"","url":"https:\/\/www.elimar.cz\/author\/","identifier":1,"image":{"@type":"ImageObject","@id":"https:\/\/secure.gravatar.com\/avatar\/3c4e99fa9a9806cd5e8fd7cac6ca73ff5bbf5f3ee309e1745415eebd31482909?s=96&d=mm&r=g","url":"https:\/\/secure.gravatar.com\/avatar\/3c4e99fa9a9806cd5e8fd7cac6ca73ff5bbf5f3ee309e1745415eebd31482909?s=96&d=mm&r=g","height":96,"width":96}},"publisher":{"@type":"Organization","name":"elimar.cz","logo":{"@type":"ImageObject","@id":"\/logo.png","url":"\/logo.png","width":600,"height":60}},"image":null,"wordCount":277,"keywords":null},{"@type":"Article","@id":"https:\/\/www.elimar.cz\/reseni-ktere-vydrzi\/","headline":"\u0158e\u0161en\u00ed, kter\u00e9 vydr\u017e\u00ed","url":"https:\/\/www.elimar.cz\/reseni-ktere-vydrzi\/","datePublished":"2023-07-13","dateModified":"2023-07-13","mainEntityOfPage":"https:\/\/www.elimar.cz\/reseni-ktere-vydrzi\/","author":{"@type":"Person","@id":"https:\/\/www.elimar.cz\/author\/#Person","name":"","url":"https:\/\/www.elimar.cz\/author\/","identifier":1,"image":{"@type":"ImageObject","@id":"https:\/\/secure.gravatar.com\/avatar\/3c4e99fa9a9806cd5e8fd7cac6ca73ff5bbf5f3ee309e1745415eebd31482909?s=96&d=mm&r=g","url":"https:\/\/secure.gravatar.com\/avatar\/3c4e99fa9a9806cd5e8fd7cac6ca73ff5bbf5f3ee309e1745415eebd31482909?s=96&d=mm&r=g","height":96,"width":96}},"publisher":{"@type":"Organization","name":"elimar.cz","logo":{"@type":"ImageObject","@id":"\/logo.png","url":"\/logo.png","width":600,"height":60}},"image":null,"wordCount":271,"keywords":null},{"@type":"Article","@id":"https:\/\/www.elimar.cz\/jezirko-zamilovanych\/","headline":"Jez\u00edrko zamilovan\u00fdch","url":"https:\/\/www.elimar.cz\/jezirko-zamilovanych\/","datePublished":"2023-06-28","dateModified":"2024-03-28","mainEntityOfPage":"https:\/\/www.elimar.cz\/jezirko-zamilovanych\/","author":{"@type":"Person","@id":"https:\/\/www.elimar.cz\/author\/#Person","name":"","url":"https:\/\/www.elimar.cz\/author\/","identifier":1,"image":{"@type":"ImageObject","@id":"https:\/\/secure.gravatar.com\/avatar\/3c4e99fa9a9806cd5e8fd7cac6ca73ff5bbf5f3ee309e1745415eebd31482909?s=96&d=mm&r=g","url":"https:\/\/secure.gravatar.com\/avatar\/3c4e99fa9a9806cd5e8fd7cac6ca73ff5bbf5f3ee309e1745415eebd31482909?s=96&d=mm&r=g","height":96,"width":96}},"publisher":{"@type":"Organization","name":"elimar.cz","logo":{"@type":"ImageObject","@id":"\/logo.png","url":"\/logo.png","width":600,"height":60}},"image":{"@type":"ImageObject","@id":"https:\/\/www.elimar.cz\/wp-content\/uploads\/water-buttercup-2257760_640.jpg","url":"https:\/\/www.elimar.cz\/wp-content\/uploads\/water-buttercup-2257760_640.jpg","height":0,"width":0},"wordCount":960,"keywords":null},{"@type":"Article","@id":"https:\/\/www.elimar.cz\/propadnete-zimnim-sportum\/","headline":"Propadn\u011bte zimn\u00edm sport\u016fm","url":"https:\/\/www.elimar.cz\/propadnete-zimnim-sportum\/","datePublished":"2023-06-06","dateModified":"2024-06-07","mainEntityOfPage":"https:\/\/www.elimar.cz\/propadnete-zimnim-sportum\/","author":{"@type":"Person","@id":"https:\/\/www.elimar.cz\/author\/#Person","name":"","url":"https:\/\/www.elimar.cz\/author\/","identifier":1,"image":{"@type":"ImageObject","@id":"https:\/\/secure.gravatar.com\/avatar\/3c4e99fa9a9806cd5e8fd7cac6ca73ff5bbf5f3ee309e1745415eebd31482909?s=96&d=mm&r=g","url":"https:\/\/secure.gravatar.com\/avatar\/3c4e99fa9a9806cd5e8fd7cac6ca73ff5bbf5f3ee309e1745415eebd31482909?s=96&d=mm&r=g","height":96,"width":96}},"publisher":{"@type":"Organization","name":"elimar.cz","logo":{"@type":"ImageObject","@id":"\/logo.png","url":"\/logo.png","width":600,"height":60}},"image":null,"wordCount":286,"keywords":null},{"@type":"Article","@id":"https:\/\/www.elimar.cz\/byt-singl-je-in\/","headline":"B\u00fdt singl je in!","url":"https:\/\/www.elimar.cz\/byt-singl-je-in\/","datePublished":"2023-05-15","dateModified":"2023-05-15","mainEntityOfPage":"https:\/\/www.elimar.cz\/byt-singl-je-in\/","author":{"@type":"Person","@id":"https:\/\/www.elimar.cz\/author\/#Person","name":"","url":"https:\/\/www.elimar.cz\/author\/","identifier":1,"image":{"@type":"ImageObject","@id":"https:\/\/secure.gravatar.com\/avatar\/3c4e99fa9a9806cd5e8fd7cac6ca73ff5bbf5f3ee309e1745415eebd31482909?s=96&d=mm&r=g","url":"https:\/\/secure.gravatar.com\/avatar\/3c4e99fa9a9806cd5e8fd7cac6ca73ff5bbf5f3ee309e1745415eebd31482909?s=96&d=mm&r=g","height":96,"width":96}},"publisher":{"@type":"Organization","name":"elimar.cz","logo":{"@type":"ImageObject","@id":"\/logo.png","url":"\/logo.png","width":600,"height":60}},"image":{"@type":"ImageObject","@id":"https:\/\/www.elimar.cz\/wp-content\/uploads\/img_a339514_w2654_t1552741845.jpg","url":"https:\/\/www.elimar.cz\/wp-content\/uploads\/img_a339514_w2654_t1552741845.jpg","height":0,"width":0},"wordCount":544,"keywords":null},{"@type":"Article","@id":"https:\/\/www.elimar.cz\/jakou-podlahu-na-verandu\/","headline":"Jakou podlahu na verandu?","url":"https:\/\/www.elimar.cz\/jakou-podlahu-na-verandu\/","datePublished":"2023-05-15","dateModified":"2023-05-15","mainEntityOfPage":"https:\/\/www.elimar.cz\/jakou-podlahu-na-verandu\/","author":{"@type":"Person","@id":"https:\/\/www.elimar.cz\/author\/#Person","name":"","url":"https:\/\/www.elimar.cz\/author\/","identifier":1,"image":{"@type":"ImageObject","@id":"https:\/\/secure.gravatar.com\/avatar\/3c4e99fa9a9806cd5e8fd7cac6ca73ff5bbf5f3ee309e1745415eebd31482909?s=96&d=mm&r=g","url":"https:\/\/secure.gravatar.com\/avatar\/3c4e99fa9a9806cd5e8fd7cac6ca73ff5bbf5f3ee309e1745415eebd31482909?s=96&d=mm&r=g","height":96,"width":96}},"publisher":{"@type":"Organization","name":"elimar.cz","logo":{"@type":"ImageObject","@id":"\/logo.png","url":"\/logo.png","width":600,"height":60}},"image":{"@type":"ImageObject","@id":"https:\/\/www.elimar.cz\/wp-content\/uploads\/img_a330613_w2731_t1543135964.jpg","url":"https:\/\/www.elimar.cz\/wp-content\/uploads\/img_a330613_w2731_t1543135964.jpg","height":0,"width":0},"wordCount":497,"keywords":null},{"@type":"Article","@id":"https:\/\/www.elimar.cz\/zahradni-fontana-ze-stare-nadoby\/","headline":"Zahradn\u00ed font\u00e1na ze star\u00e9 n\u00e1doby","url":"https:\/\/www.elimar.cz\/zahradni-fontana-ze-stare-nadoby\/","datePublished":"2023-05-15","dateModified":"2023-05-15","mainEntityOfPage":"https:\/\/www.elimar.cz\/zahradni-fontana-ze-stare-nadoby\/","author":{"@type":"Person","@id":"https:\/\/www.elimar.cz\/author\/#Person","name":"","url":"https:\/\/www.elimar.cz\/author\/","identifier":1,"image":{"@type":"ImageObject","@id":"https:\/\/secure.gravatar.com\/avatar\/3c4e99fa9a9806cd5e8fd7cac6ca73ff5bbf5f3ee309e1745415eebd31482909?s=96&d=mm&r=g","url":"https:\/\/secure.gravatar.com\/avatar\/3c4e99fa9a9806cd5e8fd7cac6ca73ff5bbf5f3ee309e1745415eebd31482909?s=96&d=mm&r=g","height":96,"width":96}},"publisher":{"@type":"Organization","name":"elimar.cz","logo":{"@type":"ImageObject","@id":"\/logo.png","url":"\/logo.png","width":600,"height":60}},"image":{"@type":"ImageObject","@id":"https:\/\/www.elimar.cz\/wp-content\/uploads\/img_a304392_w2150_t1515491415.jpg","url":"https:\/\/www.elimar.cz\/wp-content\/uploads\/img_a304392_w2150_t1515491415.jpg","height":0,"width":0},"wordCount":463,"keywords":null},{"@type":"Article","@id":"https:\/\/www.elimar.cz\/nazvy-v-cizim-jazyce\/","headline":"N\u00e1zvy v ciz\u00edm jazyce","url":"https:\/\/www.elimar.cz\/nazvy-v-cizim-jazyce\/","datePublished":"2023-05-15","dateModified":"2023-05-15","mainEntityOfPage":"https:\/\/www.elimar.cz\/nazvy-v-cizim-jazyce\/","author":{"@type":"Person","@id":"https:\/\/www.elimar.cz\/author\/#Person","name":"","url":"https:\/\/www.elimar.cz\/author\/","identifier":1,"image":{"@type":"ImageObject","@id":"https:\/\/secure.gravatar.com\/avatar\/3c4e99fa9a9806cd5e8fd7cac6ca73ff5bbf5f3ee309e1745415eebd31482909?s=96&d=mm&r=g","url":"https:\/\/secure.gravatar.com\/avatar\/3c4e99fa9a9806cd5e8fd7cac6ca73ff5bbf5f3ee309e1745415eebd31482909?s=96&d=mm&r=g","height":96,"width":96}},"publisher":{"@type":"Organization","name":"elimar.cz","logo":{"@type":"ImageObject","@id":"\/logo.png","url":"\/logo.png","width":600,"height":60}},"image":{"@type":"ImageObject","@id":"https:\/\/www.elimar.cz\/wp-content\/uploads\/img_a301391_w2036_t1511450864.png","url":"https:\/\/www.elimar.cz\/wp-content\/uploads\/img_a301391_w2036_t1511450864.png","height":0,"width":0},"wordCount":563,"keywords":null}]},{"@context":"https:\/\/schema.org","@type":"WebSite","@id":"https:\/\/www.elimar.cz\/#website","name":"Elimar","url":"https:\/\/www.elimar.cz","potentialAction":{"@type":"SearchAction","target":"https:\/\/www.elimar.cz\/?s={search_term_string}","query-input":"required name=search_term_string"}}]