[{"@context":"https:\/\/schema.org\/","@type":"Blog","@id":"https:\/\/www.elimar.cz#Blog","headline":"Elimar","description":"\nNev\u00edte, co si po\u010d\u00edt se sv\u00fdm voln\u00fdm nadbyte\u010dn\u00fdm \u010dasem? My bychom pro v\u00e1s nejsp\u00ed\u0161e n\u011bco m\u011bli. Zav\u00edtejte na n\u00e1\u0161 web a uvid\u00edte, co m\u00e1me na mysli.","url":"https:\/\/www.elimar.cz","hasPart":[{"@type":"Article","@id":"https:\/\/www.elimar.cz\/nechte-si-opravit-svuj-nakladni-automobil-u-profesionalu\/","headline":"Nechte si opravit sv\u016fj n\u00e1kladn\u00ed automobil u profesion\u00e1l\u016f","url":"https:\/\/www.elimar.cz\/nechte-si-opravit-svuj-nakladni-automobil-u-profesionalu\/","datePublished":"2024-03-31","dateModified":"2024-03-31","mainEntityOfPage":"https:\/\/www.elimar.cz\/nechte-si-opravit-svuj-nakladni-automobil-u-profesionalu\/","author":{"@type":"Person","@id":"https:\/\/www.elimar.cz\/author\/#Person","name":"","url":"https:\/\/www.elimar.cz\/author\/","identifier":1,"image":{"@type":"ImageObject","@id":"https:\/\/secure.gravatar.com\/avatar\/3c4e99fa9a9806cd5e8fd7cac6ca73ff5bbf5f3ee309e1745415eebd31482909?s=96&d=mm&r=g","url":"https:\/\/secure.gravatar.com\/avatar\/3c4e99fa9a9806cd5e8fd7cac6ca73ff5bbf5f3ee309e1745415eebd31482909?s=96&d=mm&r=g","height":96,"width":96}},"publisher":{"@type":"Organization","name":"elimar.cz","logo":{"@type":"ImageObject","@id":"\/logo.png","url":"\/logo.png","width":600,"height":60}},"image":null,"wordCount":282,"keywords":null},{"@type":"Article","@id":"https:\/\/www.elimar.cz\/diky-pujcce-muzete-zmenit-vse-co-si-namanete\/","headline":"D\u00edky p\u016fj\u010dce m\u016f\u017eete zm\u011bnit v\u0161e co si namanete","url":"https:\/\/www.elimar.cz\/diky-pujcce-muzete-zmenit-vse-co-si-namanete\/","datePublished":"2024-02-20","dateModified":"2024-03-22","mainEntityOfPage":"https:\/\/www.elimar.cz\/diky-pujcce-muzete-zmenit-vse-co-si-namanete\/","author":{"@type":"Person","@id":"https:\/\/www.elimar.cz\/author\/#Person","name":"","url":"https:\/\/www.elimar.cz\/author\/","identifier":1,"image":{"@type":"ImageObject","@id":"https:\/\/secure.gravatar.com\/avatar\/3c4e99fa9a9806cd5e8fd7cac6ca73ff5bbf5f3ee309e1745415eebd31482909?s=96&d=mm&r=g","url":"https:\/\/secure.gravatar.com\/avatar\/3c4e99fa9a9806cd5e8fd7cac6ca73ff5bbf5f3ee309e1745415eebd31482909?s=96&d=mm&r=g","height":96,"width":96}},"publisher":{"@type":"Organization","name":"elimar.cz","logo":{"@type":"ImageObject","@id":"\/logo.png","url":"\/logo.png","width":600,"height":60}},"image":{"@type":"ImageObject","@id":"https:\/\/www.elimar.cz\/wp-content\/uploads\/money-496229_1280_10_10.jpg","url":"https:\/\/www.elimar.cz\/wp-content\/uploads\/money-496229_1280_10_10.jpg","height":0,"width":0},"wordCount":547,"keywords":null},{"@type":"Article","@id":"https:\/\/www.elimar.cz\/san-sebastian\/","headline":"San Sebastian","url":"https:\/\/www.elimar.cz\/san-sebastian\/","datePublished":"2024-02-11","dateModified":"2024-02-11","mainEntityOfPage":"https:\/\/www.elimar.cz\/san-sebastian\/","author":{"@type":"Person","@id":"https:\/\/www.elimar.cz\/author\/#Person","name":"","url":"https:\/\/www.elimar.cz\/author\/","identifier":1,"image":{"@type":"ImageObject","@id":"https:\/\/secure.gravatar.com\/avatar\/3c4e99fa9a9806cd5e8fd7cac6ca73ff5bbf5f3ee309e1745415eebd31482909?s=96&d=mm&r=g","url":"https:\/\/secure.gravatar.com\/avatar\/3c4e99fa9a9806cd5e8fd7cac6ca73ff5bbf5f3ee309e1745415eebd31482909?s=96&d=mm&r=g","height":96,"width":96}},"publisher":{"@type":"Organization","name":"elimar.cz","logo":{"@type":"ImageObject","@id":"\/logo.png","url":"\/logo.png","width":600,"height":60}},"image":{"@type":"ImageObject","@id":"https:\/\/www.elimar.cz\/wp-content\/uploads\/port-106908_640.jpg","url":"https:\/\/www.elimar.cz\/wp-content\/uploads\/port-106908_640.jpg","height":0,"width":0},"wordCount":586,"keywords":null},{"@type":"Article","@id":"https:\/\/www.elimar.cz\/eskortni-masaz-predstavuje-skvelou-terapii\/","headline":"Eskortn\u00ed mas\u00e1\u017e p\u0159edstavuje skv\u011blou terapii","url":"https:\/\/www.elimar.cz\/eskortni-masaz-predstavuje-skvelou-terapii\/","datePublished":"2024-01-16","dateModified":"2024-01-16","mainEntityOfPage":"https:\/\/www.elimar.cz\/eskortni-masaz-predstavuje-skvelou-terapii\/","author":{"@type":"Person","@id":"https:\/\/www.elimar.cz\/author\/#Person","name":"","url":"https:\/\/www.elimar.cz\/author\/","identifier":1,"image":{"@type":"ImageObject","@id":"https:\/\/secure.gravatar.com\/avatar\/3c4e99fa9a9806cd5e8fd7cac6ca73ff5bbf5f3ee309e1745415eebd31482909?s=96&d=mm&r=g","url":"https:\/\/secure.gravatar.com\/avatar\/3c4e99fa9a9806cd5e8fd7cac6ca73ff5bbf5f3ee309e1745415eebd31482909?s=96&d=mm&r=g","height":96,"width":96}},"publisher":{"@type":"Organization","name":"elimar.cz","logo":{"@type":"ImageObject","@id":"\/logo.png","url":"\/logo.png","width":600,"height":60}},"image":null,"wordCount":267,"keywords":null},{"@type":"Article","@id":"https:\/\/www.elimar.cz\/uspechy-pracovne-aj-osobne\/","headline":"\u00daspechy pracovn\u00e9 aj osobn\u00e9","url":"https:\/\/www.elimar.cz\/uspechy-pracovne-aj-osobne\/","datePublished":"2023-12-12","dateModified":"2023-12-12","mainEntityOfPage":"https:\/\/www.elimar.cz\/uspechy-pracovne-aj-osobne\/","author":{"@type":"Person","@id":"https:\/\/www.elimar.cz\/author\/#Person","name":"","url":"https:\/\/www.elimar.cz\/author\/","identifier":1,"image":{"@type":"ImageObject","@id":"https:\/\/secure.gravatar.com\/avatar\/3c4e99fa9a9806cd5e8fd7cac6ca73ff5bbf5f3ee309e1745415eebd31482909?s=96&d=mm&r=g","url":"https:\/\/secure.gravatar.com\/avatar\/3c4e99fa9a9806cd5e8fd7cac6ca73ff5bbf5f3ee309e1745415eebd31482909?s=96&d=mm&r=g","height":96,"width":96}},"publisher":{"@type":"Organization","name":"elimar.cz","logo":{"@type":"ImageObject","@id":"\/logo.png","url":"\/logo.png","width":600,"height":60}},"image":null,"wordCount":278,"keywords":null},{"@type":"Article","@id":"https:\/\/www.elimar.cz\/kdo-se-o-dum-postara\/","headline":"Kdo se o d\u016fm postar\u00e1?","url":"https:\/\/www.elimar.cz\/kdo-se-o-dum-postara\/","datePublished":"2023-11-26","dateModified":"2023-11-26","mainEntityOfPage":"https:\/\/www.elimar.cz\/kdo-se-o-dum-postara\/","author":{"@type":"Person","@id":"https:\/\/www.elimar.cz\/author\/#Person","name":"","url":"https:\/\/www.elimar.cz\/author\/","identifier":1,"image":{"@type":"ImageObject","@id":"https:\/\/secure.gravatar.com\/avatar\/3c4e99fa9a9806cd5e8fd7cac6ca73ff5bbf5f3ee309e1745415eebd31482909?s=96&d=mm&r=g","url":"https:\/\/secure.gravatar.com\/avatar\/3c4e99fa9a9806cd5e8fd7cac6ca73ff5bbf5f3ee309e1745415eebd31482909?s=96&d=mm&r=g","height":96,"width":96}},"publisher":{"@type":"Organization","name":"elimar.cz","logo":{"@type":"ImageObject","@id":"\/logo.png","url":"\/logo.png","width":600,"height":60}},"image":{"@type":"ImageObject","@id":"https:\/\/www.elimar.cz\/wp-content\/uploads\/d%C5%AFm1_4.jpg","url":"https:\/\/www.elimar.cz\/wp-content\/uploads\/d%C5%AFm1_4.jpg","height":0,"width":0},"wordCount":635,"keywords":null},{"@type":"Article","@id":"https:\/\/www.elimar.cz\/kvalitni-lek-pro-muze\/","headline":"Kvalitn\u00ed l\u00e9k pro mu\u017ee","url":"https:\/\/www.elimar.cz\/kvalitni-lek-pro-muze\/","datePublished":"2023-11-20","dateModified":"2024-05-28","mainEntityOfPage":"https:\/\/www.elimar.cz\/kvalitni-lek-pro-muze\/","author":{"@type":"Person","@id":"https:\/\/www.elimar.cz\/author\/#Person","name":"","url":"https:\/\/www.elimar.cz\/author\/","identifier":1,"image":{"@type":"ImageObject","@id":"https:\/\/secure.gravatar.com\/avatar\/3c4e99fa9a9806cd5e8fd7cac6ca73ff5bbf5f3ee309e1745415eebd31482909?s=96&d=mm&r=g","url":"https:\/\/secure.gravatar.com\/avatar\/3c4e99fa9a9806cd5e8fd7cac6ca73ff5bbf5f3ee309e1745415eebd31482909?s=96&d=mm&r=g","height":96,"width":96}},"publisher":{"@type":"Organization","name":"elimar.cz","logo":{"@type":"ImageObject","@id":"\/logo.png","url":"\/logo.png","width":600,"height":60}},"image":{"@type":"ImageObject","@id":"https:\/\/www.elimar.cz\/wp-content\/uploads\/diet-pills-1328799_1280_6.jpg","url":"https:\/\/www.elimar.cz\/wp-content\/uploads\/diet-pills-1328799_1280_6.jpg","height":0,"width":0},"wordCount":591,"keywords":null},{"@type":"Article","@id":"https:\/\/www.elimar.cz\/uzijte-si-tu-nejkrasnejsi-dovolenou-s-celou-svou-rodinou-i-vy\/","headline":"U\u017eijte si tu nejkr\u00e1sn\u011bj\u0161\u00ed dovolenou s celou svou rodinou i vy","url":"https:\/\/www.elimar.cz\/uzijte-si-tu-nejkrasnejsi-dovolenou-s-celou-svou-rodinou-i-vy\/","datePublished":"2023-11-02","dateModified":"2023-11-02","mainEntityOfPage":"https:\/\/www.elimar.cz\/uzijte-si-tu-nejkrasnejsi-dovolenou-s-celou-svou-rodinou-i-vy\/","author":{"@type":"Person","@id":"https:\/\/www.elimar.cz\/author\/#Person","name":"","url":"https:\/\/www.elimar.cz\/author\/","identifier":1,"image":{"@type":"ImageObject","@id":"https:\/\/secure.gravatar.com\/avatar\/3c4e99fa9a9806cd5e8fd7cac6ca73ff5bbf5f3ee309e1745415eebd31482909?s=96&d=mm&r=g","url":"https:\/\/secure.gravatar.com\/avatar\/3c4e99fa9a9806cd5e8fd7cac6ca73ff5bbf5f3ee309e1745415eebd31482909?s=96&d=mm&r=g","height":96,"width":96}},"publisher":{"@type":"Organization","name":"elimar.cz","logo":{"@type":"ImageObject","@id":"\/logo.png","url":"\/logo.png","width":600,"height":60}},"image":null,"wordCount":247,"keywords":null},{"@type":"Article","@id":"https:\/\/www.elimar.cz\/pekne-auto-z-pujcovny\/","headline":"P\u011bkn\u00e9 auto z p\u016fj\u010dovny","url":"https:\/\/www.elimar.cz\/pekne-auto-z-pujcovny\/","datePublished":"2023-10-14","dateModified":"2023-10-14","mainEntityOfPage":"https:\/\/www.elimar.cz\/pekne-auto-z-pujcovny\/","author":{"@type":"Person","@id":"https:\/\/www.elimar.cz\/author\/#Person","name":"","url":"https:\/\/www.elimar.cz\/author\/","identifier":1,"image":{"@type":"ImageObject","@id":"https:\/\/secure.gravatar.com\/avatar\/3c4e99fa9a9806cd5e8fd7cac6ca73ff5bbf5f3ee309e1745415eebd31482909?s=96&d=mm&r=g","url":"https:\/\/secure.gravatar.com\/avatar\/3c4e99fa9a9806cd5e8fd7cac6ca73ff5bbf5f3ee309e1745415eebd31482909?s=96&d=mm&r=g","height":96,"width":96}},"publisher":{"@type":"Organization","name":"elimar.cz","logo":{"@type":"ImageObject","@id":"\/logo.png","url":"\/logo.png","width":600,"height":60}},"image":{"@type":"ImageObject","@id":"https:\/\/www.elimar.cz\/wp-content\/uploads\/traffic-337574_1280.jpg","url":"https:\/\/www.elimar.cz\/wp-content\/uploads\/traffic-337574_1280.jpg","height":0,"width":0},"wordCount":539,"keywords":null},{"@type":"Article","@id":"https:\/\/www.elimar.cz\/nejlepsi-elektronicke-cigarety\/","headline":"Nejlep\u0161\u00ed elektronick\u00e9 cigarety","url":"https:\/\/www.elimar.cz\/nejlepsi-elektronicke-cigarety\/","datePublished":"2023-10-08","dateModified":"2023-10-08","mainEntityOfPage":"https:\/\/www.elimar.cz\/nejlepsi-elektronicke-cigarety\/","author":{"@type":"Person","@id":"https:\/\/www.elimar.cz\/author\/#Person","name":"","url":"https:\/\/www.elimar.cz\/author\/","identifier":1,"image":{"@type":"ImageObject","@id":"https:\/\/secure.gravatar.com\/avatar\/3c4e99fa9a9806cd5e8fd7cac6ca73ff5bbf5f3ee309e1745415eebd31482909?s=96&d=mm&r=g","url":"https:\/\/secure.gravatar.com\/avatar\/3c4e99fa9a9806cd5e8fd7cac6ca73ff5bbf5f3ee309e1745415eebd31482909?s=96&d=mm&r=g","height":96,"width":96}},"publisher":{"@type":"Organization","name":"elimar.cz","logo":{"@type":"ImageObject","@id":"\/logo.png","url":"\/logo.png","width":600,"height":60}},"image":{"@type":"ImageObject","@id":"https:\/\/www.elimar.cz\/wp-content\/uploads\/Opera%20Sn%C3%ADmek_2023-12-07_180154_www.e-cigo.cz.png","url":"https:\/\/www.elimar.cz\/wp-content\/uploads\/Opera%20Sn%C3%ADmek_2023-12-07_180154_www.e-cigo.cz.png","height":0,"width":0},"wordCount":507,"keywords":null}]},{"@context":"https:\/\/schema.org","@type":"WebSite","@id":"https:\/\/www.elimar.cz\/#website","name":"Elimar","url":"https:\/\/www.elimar.cz","potentialAction":{"@type":"SearchAction","target":"https:\/\/www.elimar.cz\/?s={search_term_string}","query-input":"required name=search_term_string"}}]