[{"@context":"https:\/\/schema.org\/","@type":"Blog","@id":"https:\/\/www.elimar.cz#Blog","headline":"Elimar","description":"\nNev\u00edte, co si po\u010d\u00edt se sv\u00fdm voln\u00fdm nadbyte\u010dn\u00fdm \u010dasem? My bychom pro v\u00e1s nejsp\u00ed\u0161e n\u011bco m\u011bli. Zav\u00edtejte na n\u00e1\u0161 web a uvid\u00edte, co m\u00e1me na mysli.","url":"https:\/\/www.elimar.cz","hasPart":[{"@type":"Article","@id":"https:\/\/www.elimar.cz\/vyhody-pvc-a-vyrobku-z-nej-stoji-za-to\/","headline":"V\u00fdhody PVC a v\u00fdrobk\u016f z n\u011bj stoj\u00ed za to","url":"https:\/\/www.elimar.cz\/vyhody-pvc-a-vyrobku-z-nej-stoji-za-to\/","datePublished":"2020-11-09","dateModified":"2023-08-18","mainEntityOfPage":"https:\/\/www.elimar.cz\/vyhody-pvc-a-vyrobku-z-nej-stoji-za-to\/","author":{"@type":"Person","@id":"https:\/\/www.elimar.cz\/author\/#Person","name":"","url":"https:\/\/www.elimar.cz\/author\/","identifier":1,"image":{"@type":"ImageObject","@id":"https:\/\/secure.gravatar.com\/avatar\/3c4e99fa9a9806cd5e8fd7cac6ca73ff5bbf5f3ee309e1745415eebd31482909?s=96&d=mm&r=g","url":"https:\/\/secure.gravatar.com\/avatar\/3c4e99fa9a9806cd5e8fd7cac6ca73ff5bbf5f3ee309e1745415eebd31482909?s=96&d=mm&r=g","height":96,"width":96}},"publisher":{"@type":"Organization","name":"elimar.cz","logo":{"@type":"ImageObject","@id":"\/logo.png","url":"\/logo.png","width":600,"height":60}},"image":{"@type":"ImageObject","@id":"https:\/\/www.elimar.cz\/wp-content\/uploads\/interi%C3%A9rov%C3%A9%20dve%C5%99e_S2uZT6.jpg","url":"https:\/\/www.elimar.cz\/wp-content\/uploads\/interi%C3%A9rov%C3%A9%20dve%C5%99e_S2uZT6.jpg","height":0,"width":0},"wordCount":610,"keywords":null},{"@type":"Article","@id":"https:\/\/www.elimar.cz\/proc-se-pouziva-plastove-ci-drevene-madlo-zabradli\/","headline":"Pro\u010d se pou\u017e\u00edv\u00e1 plastov\u00e9 \u010di d\u0159ev\u011bn\u00e9 madlo z\u00e1bradl\u00ed","url":"https:\/\/www.elimar.cz\/proc-se-pouziva-plastove-ci-drevene-madlo-zabradli\/","datePublished":"2020-11-04","dateModified":"2023-05-15","mainEntityOfPage":"https:\/\/www.elimar.cz\/proc-se-pouziva-plastove-ci-drevene-madlo-zabradli\/","author":{"@type":"Person","@id":"https:\/\/www.elimar.cz\/author\/#Person","name":"","url":"https:\/\/www.elimar.cz\/author\/","identifier":1,"image":{"@type":"ImageObject","@id":"https:\/\/secure.gravatar.com\/avatar\/3c4e99fa9a9806cd5e8fd7cac6ca73ff5bbf5f3ee309e1745415eebd31482909?s=96&d=mm&r=g","url":"https:\/\/secure.gravatar.com\/avatar\/3c4e99fa9a9806cd5e8fd7cac6ca73ff5bbf5f3ee309e1745415eebd31482909?s=96&d=mm&r=g","height":96,"width":96}},"publisher":{"@type":"Organization","name":"elimar.cz","logo":{"@type":"ImageObject","@id":"\/logo.png","url":"\/logo.png","width":600,"height":60}},"image":{"@type":"ImageObject","@id":"https:\/\/www.elimar.cz\/wp-content\/uploads\/schodiste4_10_8.jpg","url":"https:\/\/www.elimar.cz\/wp-content\/uploads\/schodiste4_10_8.jpg","height":0,"width":0},"wordCount":603,"keywords":null},{"@type":"Article","@id":"https:\/\/www.elimar.cz\/nemate-na-bydleni\/","headline":"Nem\u00e1te na bydlen\u00ed?","url":"https:\/\/www.elimar.cz\/nemate-na-bydleni\/","datePublished":"2020-10-24","dateModified":"2023-05-15","mainEntityOfPage":"https:\/\/www.elimar.cz\/nemate-na-bydleni\/","author":{"@type":"Person","@id":"https:\/\/www.elimar.cz\/author\/#Person","name":"","url":"https:\/\/www.elimar.cz\/author\/","identifier":1,"image":{"@type":"ImageObject","@id":"https:\/\/secure.gravatar.com\/avatar\/3c4e99fa9a9806cd5e8fd7cac6ca73ff5bbf5f3ee309e1745415eebd31482909?s=96&d=mm&r=g","url":"https:\/\/secure.gravatar.com\/avatar\/3c4e99fa9a9806cd5e8fd7cac6ca73ff5bbf5f3ee309e1745415eebd31482909?s=96&d=mm&r=g","height":96,"width":96}},"publisher":{"@type":"Organization","name":"elimar.cz","logo":{"@type":"ImageObject","@id":"\/logo.png","url":"\/logo.png","width":600,"height":60}},"image":{"@type":"ImageObject","@id":"https:\/\/www.elimar.cz\/wp-content\/uploads\/%C5%A1v%C3%BDcarsk%C3%A9%20franky_2.jpg","url":"https:\/\/www.elimar.cz\/wp-content\/uploads\/%C5%A1v%C3%BDcarsk%C3%A9%20franky_2.jpg","height":0,"width":0},"wordCount":810,"keywords":null},{"@type":"Article","@id":"https:\/\/www.elimar.cz\/cviceni-jogy\/","headline":"Cvi\u010den\u00ed j\u00f3gy","url":"https:\/\/www.elimar.cz\/cviceni-jogy\/","datePublished":"2020-10-19","dateModified":"2023-12-07","mainEntityOfPage":"https:\/\/www.elimar.cz\/cviceni-jogy\/","author":{"@type":"Person","@id":"https:\/\/www.elimar.cz\/author\/#Person","name":"","url":"https:\/\/www.elimar.cz\/author\/","identifier":1,"image":{"@type":"ImageObject","@id":"https:\/\/secure.gravatar.com\/avatar\/3c4e99fa9a9806cd5e8fd7cac6ca73ff5bbf5f3ee309e1745415eebd31482909?s=96&d=mm&r=g","url":"https:\/\/secure.gravatar.com\/avatar\/3c4e99fa9a9806cd5e8fd7cac6ca73ff5bbf5f3ee309e1745415eebd31482909?s=96&d=mm&r=g","height":96,"width":96}},"publisher":{"@type":"Organization","name":"elimar.cz","logo":{"@type":"ImageObject","@id":"\/logo.png","url":"\/logo.png","width":600,"height":60}},"image":{"@type":"ImageObject","@id":"https:\/\/www.elimar.cz\/wp-content\/uploads\/cvi%C4%8Den%C3%AD%20v%20p%C5%99%C3%ADrod%C4%9B_2.jpg","url":"https:\/\/www.elimar.cz\/wp-content\/uploads\/cvi%C4%8Den%C3%AD%20v%20p%C5%99%C3%ADrod%C4%9B_2.jpg","height":0,"width":0},"wordCount":683,"keywords":null},{"@type":"Article","@id":"https:\/\/www.elimar.cz\/4-things-that-will-help-you-to-get-over-ruined-relationship\/","headline":"4 things, that will help you to get over ruined relationship","url":"https:\/\/www.elimar.cz\/4-things-that-will-help-you-to-get-over-ruined-relationship\/","datePublished":"2020-10-19","dateModified":"2023-05-15","mainEntityOfPage":"https:\/\/www.elimar.cz\/4-things-that-will-help-you-to-get-over-ruined-relationship\/","author":{"@type":"Person","@id":"https:\/\/www.elimar.cz\/author\/#Person","name":"","url":"https:\/\/www.elimar.cz\/author\/","identifier":1,"image":{"@type":"ImageObject","@id":"https:\/\/secure.gravatar.com\/avatar\/3c4e99fa9a9806cd5e8fd7cac6ca73ff5bbf5f3ee309e1745415eebd31482909?s=96&d=mm&r=g","url":"https:\/\/secure.gravatar.com\/avatar\/3c4e99fa9a9806cd5e8fd7cac6ca73ff5bbf5f3ee309e1745415eebd31482909?s=96&d=mm&r=g","height":96,"width":96}},"publisher":{"@type":"Organization","name":"elimar.cz","logo":{"@type":"ImageObject","@id":"\/logo.png","url":"\/logo.png","width":600,"height":60}},"image":{"@type":"ImageObject","@id":"https:\/\/www.elimar.cz\/wp-content\/uploads\/make-the-day-great-4166221_960_720.jpg","url":"https:\/\/www.elimar.cz\/wp-content\/uploads\/make-the-day-great-4166221_960_720.jpg","height":0,"width":0},"wordCount":555,"keywords":null},{"@type":"Article","@id":"https:\/\/www.elimar.cz\/detsky-metr-na-zed\/","headline":"D\u011btsk\u00fd metr na ze\u010f","url":"https:\/\/www.elimar.cz\/detsky-metr-na-zed\/","datePublished":"2020-10-11","dateModified":"2023-05-15","mainEntityOfPage":"https:\/\/www.elimar.cz\/detsky-metr-na-zed\/","author":{"@type":"Person","@id":"https:\/\/www.elimar.cz\/author\/#Person","name":"","url":"https:\/\/www.elimar.cz\/author\/","identifier":1,"image":{"@type":"ImageObject","@id":"https:\/\/secure.gravatar.com\/avatar\/3c4e99fa9a9806cd5e8fd7cac6ca73ff5bbf5f3ee309e1745415eebd31482909?s=96&d=mm&r=g","url":"https:\/\/secure.gravatar.com\/avatar\/3c4e99fa9a9806cd5e8fd7cac6ca73ff5bbf5f3ee309e1745415eebd31482909?s=96&d=mm&r=g","height":96,"width":96}},"publisher":{"@type":"Organization","name":"elimar.cz","logo":{"@type":"ImageObject","@id":"\/logo.png","url":"\/logo.png","width":600,"height":60}},"image":{"@type":"ImageObject","@id":"https:\/\/www.elimar.cz\/wp-content\/uploads\/hol%C4%8Di%C4%8Dka%20a%20barvy.png","url":"https:\/\/www.elimar.cz\/wp-content\/uploads\/hol%C4%8Di%C4%8Dka%20a%20barvy.png","height":0,"width":0},"wordCount":984,"keywords":null},{"@type":"Article","@id":"https:\/\/www.elimar.cz\/nejmensi-ze-vsech-novozelandskych-narodnich-parku-abel-tasman\/","headline":"Nejmen\u0161\u00ed ze v\u0161ech novoz\u00e9landsk\u00fdch n\u00e1rodn\u00edch park\u016f: Abel Tasman","url":"https:\/\/www.elimar.cz\/nejmensi-ze-vsech-novozelandskych-narodnich-parku-abel-tasman\/","datePublished":"2020-09-20","dateModified":"2023-05-15","mainEntityOfPage":"https:\/\/www.elimar.cz\/nejmensi-ze-vsech-novozelandskych-narodnich-parku-abel-tasman\/","author":{"@type":"Person","@id":"https:\/\/www.elimar.cz\/author\/#Person","name":"","url":"https:\/\/www.elimar.cz\/author\/","identifier":1,"image":{"@type":"ImageObject","@id":"https:\/\/secure.gravatar.com\/avatar\/3c4e99fa9a9806cd5e8fd7cac6ca73ff5bbf5f3ee309e1745415eebd31482909?s=96&d=mm&r=g","url":"https:\/\/secure.gravatar.com\/avatar\/3c4e99fa9a9806cd5e8fd7cac6ca73ff5bbf5f3ee309e1745415eebd31482909?s=96&d=mm&r=g","height":96,"width":96}},"publisher":{"@type":"Organization","name":"elimar.cz","logo":{"@type":"ImageObject","@id":"\/logo.png","url":"\/logo.png","width":600,"height":60}},"image":{"@type":"ImageObject","@id":"https:\/\/www.elimar.cz\/wp-content\/uploads\/img_a299095_w2232_t1509135659.jpg","url":"https:\/\/www.elimar.cz\/wp-content\/uploads\/img_a299095_w2232_t1509135659.jpg","height":0,"width":0},"wordCount":468,"keywords":null},{"@type":"Article","@id":"https:\/\/www.elimar.cz\/dreveny-plot\/","headline":"D\u0159ev\u011bn\u00fd plot","url":"https:\/\/www.elimar.cz\/dreveny-plot\/","datePublished":"2020-09-15","dateModified":"2023-12-20","mainEntityOfPage":"https:\/\/www.elimar.cz\/dreveny-plot\/","author":{"@type":"Person","@id":"https:\/\/www.elimar.cz\/author\/#Person","name":"","url":"https:\/\/www.elimar.cz\/author\/","identifier":1,"image":{"@type":"ImageObject","@id":"https:\/\/secure.gravatar.com\/avatar\/3c4e99fa9a9806cd5e8fd7cac6ca73ff5bbf5f3ee309e1745415eebd31482909?s=96&d=mm&r=g","url":"https:\/\/secure.gravatar.com\/avatar\/3c4e99fa9a9806cd5e8fd7cac6ca73ff5bbf5f3ee309e1745415eebd31482909?s=96&d=mm&r=g","height":96,"width":96}},"publisher":{"@type":"Organization","name":"elimar.cz","logo":{"@type":"ImageObject","@id":"\/logo.png","url":"\/logo.png","width":600,"height":60}},"image":{"@type":"ImageObject","@id":"https:\/\/www.elimar.cz\/wp-content\/uploads\/plot%20v%20krajin%C4%9B.png","url":"https:\/\/www.elimar.cz\/wp-content\/uploads\/plot%20v%20krajin%C4%9B.png","height":0,"width":0},"wordCount":782,"keywords":null},{"@type":"Article","@id":"https:\/\/www.elimar.cz\/web-na-vyssi-urovni\/","headline":"Web na vy\u0161\u0161\u00ed \u00farovni","url":"https:\/\/www.elimar.cz\/web-na-vyssi-urovni\/","datePublished":"2020-09-13","dateModified":"2023-05-15","mainEntityOfPage":"https:\/\/www.elimar.cz\/web-na-vyssi-urovni\/","author":{"@type":"Person","@id":"https:\/\/www.elimar.cz\/author\/#Person","name":"","url":"https:\/\/www.elimar.cz\/author\/","identifier":1,"image":{"@type":"ImageObject","@id":"https:\/\/secure.gravatar.com\/avatar\/3c4e99fa9a9806cd5e8fd7cac6ca73ff5bbf5f3ee309e1745415eebd31482909?s=96&d=mm&r=g","url":"https:\/\/secure.gravatar.com\/avatar\/3c4e99fa9a9806cd5e8fd7cac6ca73ff5bbf5f3ee309e1745415eebd31482909?s=96&d=mm&r=g","height":96,"width":96}},"publisher":{"@type":"Organization","name":"elimar.cz","logo":{"@type":"ImageObject","@id":"\/logo.png","url":"\/logo.png","width":600,"height":60}},"image":{"@type":"ImageObject","@id":"https:\/\/www.elimar.cz\/wp-content\/uploads\/Stavba%20webu_4.jpg","url":"https:\/\/www.elimar.cz\/wp-content\/uploads\/Stavba%20webu_4.jpg","height":0,"width":0},"wordCount":803,"keywords":null},{"@type":"Article","@id":"https:\/\/www.elimar.cz\/profesionalni-reklama\/","headline":"Profesion\u00e1ln\u00ed reklama","url":"https:\/\/www.elimar.cz\/profesionalni-reklama\/","datePublished":"2020-09-11","dateModified":"2023-05-15","mainEntityOfPage":"https:\/\/www.elimar.cz\/profesionalni-reklama\/","author":{"@type":"Person","@id":"https:\/\/www.elimar.cz\/author\/#Person","name":"","url":"https:\/\/www.elimar.cz\/author\/","identifier":1,"image":{"@type":"ImageObject","@id":"https:\/\/secure.gravatar.com\/avatar\/3c4e99fa9a9806cd5e8fd7cac6ca73ff5bbf5f3ee309e1745415eebd31482909?s=96&d=mm&r=g","url":"https:\/\/secure.gravatar.com\/avatar\/3c4e99fa9a9806cd5e8fd7cac6ca73ff5bbf5f3ee309e1745415eebd31482909?s=96&d=mm&r=g","height":96,"width":96}},"publisher":{"@type":"Organization","name":"elimar.cz","logo":{"@type":"ImageObject","@id":"\/logo.png","url":"\/logo.png","width":600,"height":60}},"image":{"@type":"ImageObject","@id":"https:\/\/www.elimar.cz\/wp-content\/uploads\/img_a387360_w3199_t1601465320.jpg","url":"https:\/\/www.elimar.cz\/wp-content\/uploads\/img_a387360_w3199_t1601465320.jpg","height":0,"width":0},"wordCount":528,"keywords":null}]},{"@context":"https:\/\/schema.org","@type":"WebSite","@id":"https:\/\/www.elimar.cz\/#website","name":"Elimar","url":"https:\/\/www.elimar.cz","potentialAction":{"@type":"SearchAction","target":"https:\/\/www.elimar.cz\/?s={search_term_string}","query-input":"required name=search_term_string"}}]