[{"@context":"https:\/\/schema.org\/","@type":"Blog","@id":"https:\/\/www.elimar.cz#Blog","headline":"Elimar","description":"\nNev\u00edte, co si po\u010d\u00edt se sv\u00fdm voln\u00fdm nadbyte\u010dn\u00fdm \u010dasem? My bychom pro v\u00e1s nejsp\u00ed\u0161e n\u011bco m\u011bli. Zav\u00edtejte na n\u00e1\u0161 web a uvid\u00edte, co m\u00e1me na mysli.","url":"https:\/\/www.elimar.cz","hasPart":[{"@type":"Article","@id":"https:\/\/www.elimar.cz\/k-cemu-mame-www\/","headline":"K \u010demu m\u00e1me www?","url":"https:\/\/www.elimar.cz\/k-cemu-mame-www\/","datePublished":"2021-09-25","dateModified":"2023-05-15","mainEntityOfPage":"https:\/\/www.elimar.cz\/k-cemu-mame-www\/","author":{"@type":"Person","@id":"https:\/\/www.elimar.cz\/author\/#Person","name":"","url":"https:\/\/www.elimar.cz\/author\/","identifier":1,"image":{"@type":"ImageObject","@id":"https:\/\/secure.gravatar.com\/avatar\/3c4e99fa9a9806cd5e8fd7cac6ca73ff5bbf5f3ee309e1745415eebd31482909?s=96&d=mm&r=g","url":"https:\/\/secure.gravatar.com\/avatar\/3c4e99fa9a9806cd5e8fd7cac6ca73ff5bbf5f3ee309e1745415eebd31482909?s=96&d=mm&r=g","height":96,"width":96}},"publisher":{"@type":"Organization","name":"elimar.cz","logo":{"@type":"ImageObject","@id":"\/logo.png","url":"\/logo.png","width":600,"height":60}},"image":{"@type":"ImageObject","@id":"https:\/\/www.elimar.cz\/wp-content\/uploads\/soci%C3%A1ln%C3%AD%20m%C3%A9dia_9.jpg","url":"https:\/\/www.elimar.cz\/wp-content\/uploads\/soci%C3%A1ln%C3%AD%20m%C3%A9dia_9.jpg","height":0,"width":0},"wordCount":638,"keywords":null},{"@type":"Article","@id":"https:\/\/www.elimar.cz\/vsadte-na-pruzne-obaly\/","headline":"Vsa\u010fte na pru\u017en\u00e9 obaly","url":"https:\/\/www.elimar.cz\/vsadte-na-pruzne-obaly\/","datePublished":"2021-09-02","dateModified":"2023-05-15","mainEntityOfPage":"https:\/\/www.elimar.cz\/vsadte-na-pruzne-obaly\/","author":{"@type":"Person","@id":"https:\/\/www.elimar.cz\/author\/#Person","name":"","url":"https:\/\/www.elimar.cz\/author\/","identifier":1,"image":{"@type":"ImageObject","@id":"https:\/\/secure.gravatar.com\/avatar\/3c4e99fa9a9806cd5e8fd7cac6ca73ff5bbf5f3ee309e1745415eebd31482909?s=96&d=mm&r=g","url":"https:\/\/secure.gravatar.com\/avatar\/3c4e99fa9a9806cd5e8fd7cac6ca73ff5bbf5f3ee309e1745415eebd31482909?s=96&d=mm&r=g","height":96,"width":96}},"publisher":{"@type":"Organization","name":"elimar.cz","logo":{"@type":"ImageObject","@id":"\/logo.png","url":"\/logo.png","width":600,"height":60}},"image":{"@type":"ImageObject","@id":"https:\/\/www.elimar.cz\/wp-content\/uploads\/telefon%20a%20obal.PNG","url":"https:\/\/www.elimar.cz\/wp-content\/uploads\/telefon%20a%20obal.PNG","height":0,"width":0},"wordCount":651,"keywords":null},{"@type":"Article","@id":"https:\/\/www.elimar.cz\/dokonale-pruzracne-cista-voda-v-bazenu\/","headline":"Dokonale pr\u016fzra\u010dn\u011b \u010dist\u00e1 voda v baz\u00e9nu","url":"https:\/\/www.elimar.cz\/dokonale-pruzracne-cista-voda-v-bazenu\/","datePublished":"2021-09-02","dateModified":"2023-05-15","mainEntityOfPage":"https:\/\/www.elimar.cz\/dokonale-pruzracne-cista-voda-v-bazenu\/","author":{"@type":"Person","@id":"https:\/\/www.elimar.cz\/author\/#Person","name":"","url":"https:\/\/www.elimar.cz\/author\/","identifier":1,"image":{"@type":"ImageObject","@id":"https:\/\/secure.gravatar.com\/avatar\/3c4e99fa9a9806cd5e8fd7cac6ca73ff5bbf5f3ee309e1745415eebd31482909?s=96&d=mm&r=g","url":"https:\/\/secure.gravatar.com\/avatar\/3c4e99fa9a9806cd5e8fd7cac6ca73ff5bbf5f3ee309e1745415eebd31482909?s=96&d=mm&r=g","height":96,"width":96}},"publisher":{"@type":"Organization","name":"elimar.cz","logo":{"@type":"ImageObject","@id":"\/logo.png","url":"\/logo.png","width":600,"height":60}},"image":{"@type":"ImageObject","@id":"https:\/\/www.elimar.cz\/wp-content\/uploads\/plavec%20v%20baz%C3%A9nu_9.jpg","url":"https:\/\/www.elimar.cz\/wp-content\/uploads\/plavec%20v%20baz%C3%A9nu_9.jpg","height":0,"width":0},"wordCount":549,"keywords":null},{"@type":"Article","@id":"https:\/\/www.elimar.cz\/originalni-detska-oslava\/","headline":"Origin\u00e1ln\u00ed d\u011btsk\u00e1 oslava","url":"https:\/\/www.elimar.cz\/originalni-detska-oslava\/","datePublished":"2021-08-29","dateModified":"2023-05-15","mainEntityOfPage":"https:\/\/www.elimar.cz\/originalni-detska-oslava\/","author":{"@type":"Person","@id":"https:\/\/www.elimar.cz\/author\/#Person","name":"","url":"https:\/\/www.elimar.cz\/author\/","identifier":1,"image":{"@type":"ImageObject","@id":"https:\/\/secure.gravatar.com\/avatar\/3c4e99fa9a9806cd5e8fd7cac6ca73ff5bbf5f3ee309e1745415eebd31482909?s=96&d=mm&r=g","url":"https:\/\/secure.gravatar.com\/avatar\/3c4e99fa9a9806cd5e8fd7cac6ca73ff5bbf5f3ee309e1745415eebd31482909?s=96&d=mm&r=g","height":96,"width":96}},"publisher":{"@type":"Organization","name":"elimar.cz","logo":{"@type":"ImageObject","@id":"\/logo.png","url":"\/logo.png","width":600,"height":60}},"image":{"@type":"ImageObject","@id":"https:\/\/www.elimar.cz\/wp-content\/uploads\/balonky.jpg","url":"https:\/\/www.elimar.cz\/wp-content\/uploads\/balonky.jpg","height":0,"width":0},"wordCount":501,"keywords":null},{"@type":"Article","@id":"https:\/\/www.elimar.cz\/betonovy-plot-ve-zline-se-muze-stat-ozdobou-vasi-zahrady\/","headline":"Betonov\u00fd plot ve Zl\u00edn\u011b se m\u016f\u017ee st\u00e1t ozdobou va\u0161\u00ed zahrady","url":"https:\/\/www.elimar.cz\/betonovy-plot-ve-zline-se-muze-stat-ozdobou-vasi-zahrady\/","datePublished":"2021-08-29","dateModified":"2023-05-15","mainEntityOfPage":"https:\/\/www.elimar.cz\/betonovy-plot-ve-zline-se-muze-stat-ozdobou-vasi-zahrady\/","author":{"@type":"Person","@id":"https:\/\/www.elimar.cz\/author\/#Person","name":"","url":"https:\/\/www.elimar.cz\/author\/","identifier":1,"image":{"@type":"ImageObject","@id":"https:\/\/secure.gravatar.com\/avatar\/3c4e99fa9a9806cd5e8fd7cac6ca73ff5bbf5f3ee309e1745415eebd31482909?s=96&d=mm&r=g","url":"https:\/\/secure.gravatar.com\/avatar\/3c4e99fa9a9806cd5e8fd7cac6ca73ff5bbf5f3ee309e1745415eebd31482909?s=96&d=mm&r=g","height":96,"width":96}},"publisher":{"@type":"Organization","name":"elimar.cz","logo":{"@type":"ImageObject","@id":"\/logo.png","url":"\/logo.png","width":600,"height":60}},"image":{"@type":"ImageObject","@id":"https:\/\/www.elimar.cz\/wp-content\/uploads\/betonov%C3%BD%20plot_10_10_10_6.jpg","url":"https:\/\/www.elimar.cz\/wp-content\/uploads\/betonov%C3%BD%20plot_10_10_10_6.jpg","height":0,"width":0},"wordCount":556,"keywords":null},{"@type":"Article","@id":"https:\/\/www.elimar.cz\/stehovani-v-nymburce-to-je-hlavne-baleni-veci-do-krabic\/","headline":"St\u011bhov\u00e1n\u00ed v Nymburce, to je hlavn\u011b balen\u00ed v\u011bc\u00ed do krabic","url":"https:\/\/www.elimar.cz\/stehovani-v-nymburce-to-je-hlavne-baleni-veci-do-krabic\/","datePublished":"2021-06-20","dateModified":"2021-06-20","mainEntityOfPage":"https:\/\/www.elimar.cz\/stehovani-v-nymburce-to-je-hlavne-baleni-veci-do-krabic\/","author":{"@type":"Person","@id":"https:\/\/www.elimar.cz\/author\/#Person","name":"","url":"https:\/\/www.elimar.cz\/author\/","identifier":1,"image":{"@type":"ImageObject","@id":"https:\/\/secure.gravatar.com\/avatar\/3c4e99fa9a9806cd5e8fd7cac6ca73ff5bbf5f3ee309e1745415eebd31482909?s=96&d=mm&r=g","url":"https:\/\/secure.gravatar.com\/avatar\/3c4e99fa9a9806cd5e8fd7cac6ca73ff5bbf5f3ee309e1745415eebd31482909?s=96&d=mm&r=g","height":96,"width":96}},"publisher":{"@type":"Organization","name":"elimar.cz","logo":{"@type":"ImageObject","@id":"\/logo.png","url":"\/logo.png","width":600,"height":60}},"image":{"@type":"ImageObject","@id":"https:\/\/www.elimar.cz\/wp-content\/uploads\/m%C4%9Bstsk%C3%A9%20hradby%20v%20m%C4%9Bst%C4%9B%20Nymburk.jpg","url":"https:\/\/www.elimar.cz\/wp-content\/uploads\/m%C4%9Bstsk%C3%A9%20hradby%20v%20m%C4%9Bst%C4%9B%20Nymburk.jpg","height":0,"width":0},"wordCount":607,"keywords":null},{"@type":"Article","@id":"https:\/\/www.elimar.cz\/rybareni-je-zabava\/","headline":"Ryba\u0159en\u00ed je z\u00e1bava","url":"https:\/\/www.elimar.cz\/rybareni-je-zabava\/","datePublished":"2021-06-13","dateModified":"2023-05-15","mainEntityOfPage":"https:\/\/www.elimar.cz\/rybareni-je-zabava\/","author":{"@type":"Person","@id":"https:\/\/www.elimar.cz\/author\/#Person","name":"","url":"https:\/\/www.elimar.cz\/author\/","identifier":1,"image":{"@type":"ImageObject","@id":"https:\/\/secure.gravatar.com\/avatar\/3c4e99fa9a9806cd5e8fd7cac6ca73ff5bbf5f3ee309e1745415eebd31482909?s=96&d=mm&r=g","url":"https:\/\/secure.gravatar.com\/avatar\/3c4e99fa9a9806cd5e8fd7cac6ca73ff5bbf5f3ee309e1745415eebd31482909?s=96&d=mm&r=g","height":96,"width":96}},"publisher":{"@type":"Organization","name":"elimar.cz","logo":{"@type":"ImageObject","@id":"\/logo.png","url":"\/logo.png","width":600,"height":60}},"image":{"@type":"ImageObject","@id":"https:\/\/www.elimar.cz\/wp-content\/uploads\/Bivak_1.jpg","url":"https:\/\/www.elimar.cz\/wp-content\/uploads\/Bivak_1.jpg","height":0,"width":0},"wordCount":583,"keywords":null},{"@type":"Article","@id":"https:\/\/www.elimar.cz\/jak-nam-muze-ukazatel-price-action-pomoci-pri-investovani-na-akciovem-trhu\/","headline":"Jak n\u00e1m m\u016f\u017ee ukazatel price action pomoci p\u0159i investov\u00e1n\u00ed na akciov\u00e9m trhu?","url":"https:\/\/www.elimar.cz\/jak-nam-muze-ukazatel-price-action-pomoci-pri-investovani-na-akciovem-trhu\/","datePublished":"2021-06-10","dateModified":"2021-06-10","mainEntityOfPage":"https:\/\/www.elimar.cz\/jak-nam-muze-ukazatel-price-action-pomoci-pri-investovani-na-akciovem-trhu\/","author":{"@type":"Person","@id":"https:\/\/www.elimar.cz\/author\/#Person","name":"","url":"https:\/\/www.elimar.cz\/author\/","identifier":1,"image":{"@type":"ImageObject","@id":"https:\/\/secure.gravatar.com\/avatar\/3c4e99fa9a9806cd5e8fd7cac6ca73ff5bbf5f3ee309e1745415eebd31482909?s=96&d=mm&r=g","url":"https:\/\/secure.gravatar.com\/avatar\/3c4e99fa9a9806cd5e8fd7cac6ca73ff5bbf5f3ee309e1745415eebd31482909?s=96&d=mm&r=g","height":96,"width":96}},"publisher":{"@type":"Organization","name":"elimar.cz","logo":{"@type":"ImageObject","@id":"\/logo.png","url":"\/logo.png","width":600,"height":60}},"image":{"@type":"ImageObject","@id":"https:\/\/www.elimar.cz\/wp-content\/uploads\/burza_10_9.jpg","url":"https:\/\/www.elimar.cz\/wp-content\/uploads\/burza_10_9.jpg","height":0,"width":0},"wordCount":565,"keywords":null},{"@type":"Article","@id":"https:\/\/www.elimar.cz\/topinambury-vam-zajisti-dostatek-prirozene-vlakniny\/","headline":"Topinambury v\u00e1m zajist\u00ed dostatek p\u0159irozen\u00e9 vl\u00e1kniny","url":"https:\/\/www.elimar.cz\/topinambury-vam-zajisti-dostatek-prirozene-vlakniny\/","datePublished":"2021-05-15","dateModified":"2023-10-10","mainEntityOfPage":"https:\/\/www.elimar.cz\/topinambury-vam-zajisti-dostatek-prirozene-vlakniny\/","author":{"@type":"Person","@id":"https:\/\/www.elimar.cz\/author\/#Person","name":"","url":"https:\/\/www.elimar.cz\/author\/","identifier":1,"image":{"@type":"ImageObject","@id":"https:\/\/secure.gravatar.com\/avatar\/3c4e99fa9a9806cd5e8fd7cac6ca73ff5bbf5f3ee309e1745415eebd31482909?s=96&d=mm&r=g","url":"https:\/\/secure.gravatar.com\/avatar\/3c4e99fa9a9806cd5e8fd7cac6ca73ff5bbf5f3ee309e1745415eebd31482909?s=96&d=mm&r=g","height":96,"width":96}},"publisher":{"@type":"Organization","name":"elimar.cz","logo":{"@type":"ImageObject","@id":"\/logo.png","url":"\/logo.png","width":600,"height":60}},"image":{"@type":"ImageObject","@id":"https:\/\/www.elimar.cz\/wp-content\/uploads\/hl%C3%ADzy%20topinamburu.JPG","url":"https:\/\/www.elimar.cz\/wp-content\/uploads\/hl%C3%ADzy%20topinamburu.JPG","height":0,"width":0},"wordCount":526,"keywords":null},{"@type":"Article","@id":"https:\/\/www.elimar.cz\/pujcovna-dodavek-v-praze-bezne-zajistuje-vozidla-pro-stehovaci-akce\/","headline":"P\u016fj\u010dovna dod\u00e1vek v Praze b\u011b\u017en\u011b zaji\u0161\u0165uje vozidla pro st\u011bhovac\u00ed akce","url":"https:\/\/www.elimar.cz\/pujcovna-dodavek-v-praze-bezne-zajistuje-vozidla-pro-stehovaci-akce\/","datePublished":"2021-05-15","dateModified":"2023-05-15","mainEntityOfPage":"https:\/\/www.elimar.cz\/pujcovna-dodavek-v-praze-bezne-zajistuje-vozidla-pro-stehovaci-akce\/","author":{"@type":"Person","@id":"https:\/\/www.elimar.cz\/author\/#Person","name":"","url":"https:\/\/www.elimar.cz\/author\/","identifier":1,"image":{"@type":"ImageObject","@id":"https:\/\/secure.gravatar.com\/avatar\/3c4e99fa9a9806cd5e8fd7cac6ca73ff5bbf5f3ee309e1745415eebd31482909?s=96&d=mm&r=g","url":"https:\/\/secure.gravatar.com\/avatar\/3c4e99fa9a9806cd5e8fd7cac6ca73ff5bbf5f3ee309e1745415eebd31482909?s=96&d=mm&r=g","height":96,"width":96}},"publisher":{"@type":"Organization","name":"elimar.cz","logo":{"@type":"ImageObject","@id":"\/logo.png","url":"\/logo.png","width":600,"height":60}},"image":{"@type":"ImageObject","@id":"https:\/\/www.elimar.cz\/wp-content\/uploads\/st%C4%9Bhov%C3%A1n%C3%AD%20krabic_1.JPG","url":"https:\/\/www.elimar.cz\/wp-content\/uploads\/st%C4%9Bhov%C3%A1n%C3%AD%20krabic_1.JPG","height":0,"width":0},"wordCount":586,"keywords":null}]},{"@context":"https:\/\/schema.org","@type":"WebSite","@id":"https:\/\/www.elimar.cz\/#website","name":"Elimar","url":"https:\/\/www.elimar.cz","potentialAction":{"@type":"SearchAction","target":"https:\/\/www.elimar.cz\/?s={search_term_string}","query-input":"required name=search_term_string"}}]