[{"@context":"https:\/\/schema.org\/","@type":"Article","@id":"https:\/\/www.elimar.cz\/nebojim-se-uz-sveho-zubare\/#Article","mainEntityOfPage":"https:\/\/www.elimar.cz\/nebojim-se-uz-sveho-zubare\/","headline":"Neboj\u00edm se u\u017e sv\u00e9ho zuba\u0159e.","name":"Neboj\u00edm se u\u017e sv\u00e9ho zuba\u0159e.","description":"Boj\u00edte se u\u017e od sv\u00e9ho d\u011btstv\u00ed zuba\u0159e? My v\u00e1s tohoto strachu velmi rychle zbav\u00edme! Zav\u00edtejte do na\u0161\u00ed ordinace, kde v\u00e1s starosti rychle p\u0159ejdou. M\u00e1te bolav\u00e9 zuby, ale p\u0159edem u\u017e trnete hr\u016fzou p\u0159i p\u0159edstav\u011b, \u017ee p\u016fjdete op\u011bt ke sv\u00e9mu soukrom\u00e9mu zuba\u0159i v Praze? Kdo se jako mal\u00e9 d\u00edt\u011b neb\u00e1l, kdy\u017e u\u017e v ordinaci zaslechl ten nep\u0159\u00edjemn\u00fd [&hellip;]","datePublished":"2022-04-11","dateModified":"2023-05-15","author":{"@type":"Person","@id":"https:\/\/www.elimar.cz\/author\/#Person","name":"","url":"https:\/\/www.elimar.cz\/author\/","identifier":1,"image":{"@type":"ImageObject","@id":"https:\/\/secure.gravatar.com\/avatar\/3c4e99fa9a9806cd5e8fd7cac6ca73ff5bbf5f3ee309e1745415eebd31482909?s=96&d=mm&r=g","url":"https:\/\/secure.gravatar.com\/avatar\/3c4e99fa9a9806cd5e8fd7cac6ca73ff5bbf5f3ee309e1745415eebd31482909?s=96&d=mm&r=g","height":96,"width":96}},"publisher":{"@type":"Organization","name":"elimar.cz","logo":{"@type":"ImageObject","@id":"\/logo.png","url":"\/logo.png","width":600,"height":60}},"image":{"@type":"ImageObject","@id":"https:\/\/www.elimar.cz\/wp-content\/uploads\/teeth-g90993635d_640_1.png","url":"https:\/\/www.elimar.cz\/wp-content\/uploads\/teeth-g90993635d_640_1.png","height":0,"width":0},"url":"https:\/\/www.elimar.cz\/nebojim-se-uz-sveho-zubare\/","about":["Business"],"wordCount":512,"articleBody":"       Boj\u00edte se u\u017e od sv\u00e9ho d\u011btstv\u00ed zuba\u0159e? My v\u00e1s tohoto strachu velmi rychle zbav\u00edme! Zav\u00edtejte do na\u0161\u00ed ordinace, kde v\u00e1s starosti rychle p\u0159ejdou. M\u00e1te bolav\u00e9 zuby, ale p\u0159edem u\u017e trnete hr\u016fzou p\u0159i p\u0159edstav\u011b, \u017ee p\u016fjdete op\u011bt ke sv\u00e9mu soukrom\u00e9mu zuba\u0159i v Praze? Kdo se jako mal\u00e9 d\u00edt\u011b neb\u00e1l, kdy\u017e u\u017e v ordinaci zaslechl ten nep\u0159\u00edjemn\u00fd t\u00f3n zubn\u00ed vrta\u010dky. Opravdu si touto situac\u00ed asi pro\u0161el naprosto ka\u017ed\u00fd z n\u00e1s. My v\u00e1m, ale s t\u00edm chceme ji\u017e dnes pomoci, a napravit va\u0161e p\u0159ede\u0161l\u00e9 zku\u0161enosti, a proto v\u00e1m nab\u00edz\u00edme na\u0161e slu\u017eby, kter\u00e9 se v\u00e1m ur\u010dit\u011b budou l\u00edbit. Jsou i tac\u00ed lid\u00e9, kte\u0159\u00ed p\u0159i vidin\u011b b\u00edl\u00e9ho pl\u00e1\u0161t\u011b dokonce omdl\u00e9vaj\u00ed.Nav\u00edc m\u00e1me ka\u017ed\u00fd jin\u00fd pr\u00e1h bolesti, a proto pokud se n\u011bkomu zd\u00e1 vrt\u00e1n\u00ed jednoho zubu dobr\u00e9, jin\u00fd m\u016f\u017ee p\u0159i tomto z\u00e1kroku k\u0159i\u010det bolest\u00ed. Pro\u010d se tedy v dne\u0161n\u00ed modern\u00ed dob\u011b b\u00e1t sv\u00e9ho l\u00e9ka\u0159e, kdy\u017e jde v\u0161echno ud\u011blat i naprosto bez bolesti. Ano ned\u011bl\u00e1me si z v\u00e1s legraci, ale chceme v\u00e1m uk\u00e1zat mo\u017enosti, kter\u00e9 jsou dostupn\u00e9 pr\u00e1v\u011b u n\u00e1s. Nav\u00edc s sebou m\u016f\u017eete vz\u00edt i sv\u00e9 d\u011bti, kter\u00e9 ur\u010dit\u011b uvid\u00ed r\u00e1dy sv\u00e9ho tat\u00ednka nebo maminku, kte\u0159\u00ed se naprosto neboj\u00ed sv\u00e9ho zuba\u0159e, a vezmou si je tak\u00e9 za vzor. Nav\u00edc m\u00e1me na na\u0161ich str\u00e1nk\u00e1ch cen\u00edk, kter\u00fd ocen\u00ed ka\u017ed\u00fd pacient, proto\u017ee my p\u0159ed v\u00e1mi nic neskr\u00fdv\u00e1me.Proto se tedy nemus\u00edte b\u00e1t, \u017ee byste pozd\u011bji n\u011bco dopl\u00e1celi za na\u0161e slu\u017eby, kter\u00e9 jsme v\u00e1m provedli v dan\u00fd den. Nebo snad v\u00edte o n\u011bkom kdo m\u00e1 strach ze sv\u00e9ho zuba\u0159e? Tak ho odka\u017ete na n\u00e1s, a je\u0161t\u011b v\u00e1m ur\u010dit\u011b velmi brzo pod\u011bkuje za dobr\u00e9 doporu\u010den\u00ed. Ale pokud jste to pr\u00e1v\u011b vy, kdo doma chod\u00ed u\u017e p\u00e1r dn\u00ed s bolav\u00fdm zubem a mysl\u00ed si, \u017ee ho to p\u0159ejde po p\u00e1r dou\u0161c\u00edch \u010daje, tak m\u016f\u017ee b\u00fdt tak\u00e9 na omylu. Tak\u00e9 m\u00e1me pro uk\u00e1zku na na\u0161em webu i n\u00e1\u0161 skv\u011bl\u00fd t\u00fdm, kter\u00fd si m\u016f\u017eete prohl\u00e9dnout, abyste dop\u0159edu v\u011bd\u011bli kdo se v\u00e1m bude v\u011bnovat. Nebojte se objednat a vyzkou\u0161et si tak na\u0161e slu\u017eby. Sami budete ur\u010dit\u011b mile p\u0159ekvapeni. Chcete m\u00edt nav\u00edc sv\u00e9 zuby kr\u00e1sn\u011b b\u00edl\u00e9? Nemus\u00edte chodit rovnou na b\u011blen\u00ed zub\u016f, ale zkusit tak dent\u00e1ln\u00ed hygienu, kter\u00e1 je v t\u00e9to dob\u011b velmi obl\u00edben\u00e1. Dok\u00e1\u017ee toti\u017e zesv\u011btli va\u0161e zuby i o n\u011bkolik odst\u00edn\u016f.                                                                                                                                                                                                                                                                                                                                                                                           3.4\/5 - (7 votes)        "},{"@context":"https:\/\/schema.org\/","@type":"BreadcrumbList","itemListElement":[{"@type":"ListItem","position":1,"name":"Neboj\u00edm se u\u017e sv\u00e9ho zuba\u0159e.","item":"https:\/\/www.elimar.cz\/nebojim-se-uz-sveho-zubare\/#breadcrumbitem"}]}]