[{"@context":"https:\/\/schema.org\/","@type":"Article","@id":"https:\/\/www.elimar.cz\/muzi-a-libani\/#Article","mainEntityOfPage":"https:\/\/www.elimar.cz\/muzi-a-libani\/","headline":"Mu\u017ei a l\u00edb\u00e1n\u00ed","name":"Mu\u017ei a l\u00edb\u00e1n\u00ed","description":"Op\u011bt existuj\u00ed mu\u017ei a mu\u017ei. Jsou mu\u017ei, kte\u0159\u00ed kdyby mohli, l\u00edbaj\u00ed se se svou druhou polovi\u010dkou pravideln\u011b. Jsou ale i mu\u017ei, kte\u0159\u00ed na n\u011bco takov\u00e9ho p\u0159\u00edli\u0161 nejsou a je pro n\u011b probl\u00e9m d\u00e1t sv\u00e9 druh\u00e9 polovi\u010dce oby\u010dejnou pusu. N\u011bco takov\u00e9ho m\u016f\u017ee b\u00fdt velk\u00fd probl\u00e9m a to zejm\u00e9na pro danou \u017eenu. Je pochopiteln\u00e9, \u017ee ka\u017ed\u00fd nen\u00ed [&hellip;]","datePublished":"2022-06-01","dateModified":"2022-06-01","author":{"@type":"Person","@id":"https:\/\/www.elimar.cz\/author\/#Person","name":"","url":"https:\/\/www.elimar.cz\/author\/","identifier":1,"image":{"@type":"ImageObject","@id":"https:\/\/secure.gravatar.com\/avatar\/3c4e99fa9a9806cd5e8fd7cac6ca73ff5bbf5f3ee309e1745415eebd31482909?s=96&d=mm&r=g","url":"https:\/\/secure.gravatar.com\/avatar\/3c4e99fa9a9806cd5e8fd7cac6ca73ff5bbf5f3ee309e1745415eebd31482909?s=96&d=mm&r=g","height":96,"width":96}},"publisher":{"@type":"Organization","name":"elimar.cz","logo":{"@type":"ImageObject","@id":"\/logo.png","url":"\/logo.png","width":600,"height":60}},"image":{"@type":"ImageObject","@id":"https:\/\/www.elimar.cz\/wp-content\/uploads\/mu%C5%BE.PNG","url":"https:\/\/www.elimar.cz\/wp-content\/uploads\/mu%C5%BE.PNG","height":0,"width":0},"url":"https:\/\/www.elimar.cz\/muzi-a-libani\/","about":["Mu\u017ei"],"wordCount":445,"articleBody":"Op\u011bt existuj\u00ed mu\u017ei a mu\u017ei. Jsou mu\u017ei, kte\u0159\u00ed kdyby mohli, l\u00edbaj\u00ed se se svou druhou polovi\u010dkou pravideln\u011b. Jsou ale i mu\u017ei, kte\u0159\u00ed na n\u011bco takov\u00e9ho p\u0159\u00edli\u0161 nejsou a je pro n\u011b probl\u00e9m d\u00e1t sv\u00e9 druh\u00e9 polovi\u010dce oby\u010dejnou pusu. N\u011bco takov\u00e9ho m\u016f\u017ee b\u00fdt velk\u00fd probl\u00e9m a to zejm\u00e9na pro danou \u017eenu.Je pochopiteln\u00e9, \u017ee ka\u017ed\u00fd nen\u00ed na neust\u00e1l\u00fd kontakt, ale d\u00e1t sv\u00e9 drah\u00e9 polovi\u010dce pusu kdy\u017e se r\u00e1no probud\u00edte, nebo kdy\u017e odch\u00e1z\u00edte a p\u0159ich\u00e1z\u00edte z\u00a0pr\u00e1ce, je mali\u010dkost\u00ed, kter\u00e1 rozhodn\u011b pot\u011b\u0161\u00ed.\u00a0Pokud n\u011bco takov\u00e9ho nepraktikujete, bylo by vhodn\u00e9 to zm\u011bnit, proto\u017ee uvid\u00edte, \u017ee va\u0161e drah\u00e1 polovi\u010dka nebude m\u00edt takov\u00fd probl\u00e9m s\u00a0t\u00edm, \u017ee se p\u0159\u00edli\u0161 \u010dasto nel\u00edb\u00e1te.Jsou v\u011bci, kter\u00e9 by si m\u011bli zejm\u00e9na mu\u017ei srovnat v\u00a0hlav\u011b. Je jasn\u00e9, \u017ee opravdu ne v\u0161ichni jsou na n\u011bjak\u00fd ten fyzick\u00fd kontakt, ale jsou mali\u010dkosti, kter\u00e9 by mohl dan\u00fd \u010dlov\u011bk zvl\u00e1dnout.\u00a0Ti mu\u017ei, kte\u0159\u00ed zase naopak maj\u00ed l\u00edb\u00e1n\u00ed r\u00e1di, by m\u011bli d\u00e1vat pozor na to, aby toho nebylo naopak p\u0159\u00edli\u0161, proto\u017ee i n\u011bco takov\u00e9ho by mohlo danou \u017eenu odradit.\u00a0V\u0161e je pot\u0159eba si ohl\u00eddat, aby nedo\u0161lo k\u00a0tomu, \u017ee se v\u00e1\u0161 vztah rozpadne proto, \u017ee n\u011b\u010deho bylo m\u00e1lo nebo naopak bylo n\u011b\u010deho a\u017e moc.\u00a0Zejm\u00e9na mu\u017ei maj\u00ed tendenci tla\u010dit a pot\u00e9 to dopadne tak, \u017ee je dan\u00e1 \u017eena opust\u00ed, proto\u017ee na to psychicky nem\u00e1.L\u00edb\u00e1n\u00ed je ur\u010dit\u011b skv\u011bl\u00e1 v\u011bc a ur\u010dit\u011b by se m\u011blo n\u011bco takov\u00e9ho v\u00a0ka\u017ed\u00e9m p\u00e1ru vyskytovat. Pokud se n\u011bco takov\u00e9ho nevyskytuje, je to opravdu smutn\u00e9 a m\u016f\u017ee to opravdu zp\u016fsobit rozpad dan\u00e9ho vztahu.\u00a0Jsou lid\u00e9, kte\u0159\u00ed se nap\u0159\u00edklad je\u0161t\u011b nikdy nel\u00edbali a maj\u00ed z\u00a0n\u011b\u010deho takov\u00e9ho strach. Ur\u010dit\u011b strach m\u00edt nemus\u00edte, proto\u017ee na tom nen\u00ed nic, co by se nedalo zvl\u00e1dnout.\u00a0N\u011bkte\u0159\u00ed se dokonce rozhodli na\u010d\u00edst si n\u011bjak\u00e9 \u010dl\u00e1nky o l\u00edb\u00e1n\u00ed, aby v\u011bd\u011bli, jak na to. V\u011b\u0159te ale, \u017ee ve v\u00fdsledku na n\u011bco takov\u00e9ho stejn\u011b zapomenete a to zejm\u00e9na v\u00a0dob\u011b, kdy k\u00a0l\u00edb\u00e1n\u00ed dojde.\u00a0Ur\u010dit\u011b nen\u00ed pot\u0159eba m\u00edt z\u00a0l\u00edb\u00e1n\u00ed strach. Nen\u00ed na tom nic t\u011b\u017ek\u00e9ho.                                                                                                                                                                                                                                                                                                                                                                                        3.7\/5 - (3 votes)        "},{"@context":"https:\/\/schema.org\/","@type":"BreadcrumbList","itemListElement":[{"@type":"ListItem","position":1,"name":"Mu\u017ei a l\u00edb\u00e1n\u00ed","item":"https:\/\/www.elimar.cz\/muzi-a-libani\/#breadcrumbitem"}]}]