[{"@context":"https:\/\/schema.org\/","@type":"Article","@id":"https:\/\/www.elimar.cz\/kdo-se-o-dum-postara\/#Article","mainEntityOfPage":"https:\/\/www.elimar.cz\/kdo-se-o-dum-postara\/","headline":"Kdo se o d\u016fm postar\u00e1?","name":"Kdo se o d\u016fm postar\u00e1?","description":"To, \u017ee stoj\u00ed nemovitosti spoustu pen\u011bz, v\u00ed kdekdo z n\u00e1s. Prakticky ka\u017ed\u00fd, kdo se o to n\u011bkdy z jak\u00e9hokoliv d\u016fvodu zaj\u00edmal. V\u00ed se, \u017ee kdy\u017e chceme nemovitost, t\u0159eba d\u016fm, koupit, mus\u00edme po\u010d\u00edtat s \u010d\u00e1stkami v \u0159\u00e1du milion\u016f, a ani pouh\u00fd n\u00e1jem nen\u00ed rozhodn\u011b lacin\u00e1 z\u00e1le\u017eitost. Ale m\u00e9n\u011b u\u017e se v\u00ed o tom, \u017ee ani n\u00e1sledn\u00e1 [&hellip;]","datePublished":"2023-11-26","dateModified":"2023-11-26","author":{"@type":"Person","@id":"https:\/\/www.elimar.cz\/author\/#Person","name":"","url":"https:\/\/www.elimar.cz\/author\/","identifier":1,"image":{"@type":"ImageObject","@id":"https:\/\/secure.gravatar.com\/avatar\/3c4e99fa9a9806cd5e8fd7cac6ca73ff5bbf5f3ee309e1745415eebd31482909?s=96&d=mm&r=g","url":"https:\/\/secure.gravatar.com\/avatar\/3c4e99fa9a9806cd5e8fd7cac6ca73ff5bbf5f3ee309e1745415eebd31482909?s=96&d=mm&r=g","height":96,"width":96}},"publisher":{"@type":"Organization","name":"elimar.cz","logo":{"@type":"ImageObject","@id":"\/logo.png","url":"\/logo.png","width":600,"height":60}},"image":{"@type":"ImageObject","@id":"https:\/\/www.elimar.cz\/wp-content\/uploads\/d%C5%AFm1_4.jpg","url":"https:\/\/www.elimar.cz\/wp-content\/uploads\/d%C5%AFm1_4.jpg","height":0,"width":0},"url":"https:\/\/www.elimar.cz\/kdo-se-o-dum-postara\/","about":["Www"],"wordCount":423,"articleBody":"       To, \u017ee stoj\u00ed nemovitosti spoustu pen\u011bz, v\u00ed kdekdo z n\u00e1s. Prakticky ka\u017ed\u00fd, kdo se o to n\u011bkdy z jak\u00e9hokoliv d\u016fvodu zaj\u00edmal. V\u00ed se, \u017ee kdy\u017e chceme nemovitost, t\u0159eba d\u016fm, koupit, mus\u00edme po\u010d\u00edtat s \u010d\u00e1stkami v \u0159\u00e1du milion\u016f, a ani pouh\u00fd n\u00e1jem nen\u00ed rozhodn\u011b lacin\u00e1 z\u00e1le\u017eitost. Ale m\u00e9n\u011b u\u017e se v\u00ed o tom, \u017ee ani n\u00e1sledn\u00e1 spr\u00e1va takov\u00e9 vlastn\u00ed nemovitosti nemus\u00ed b\u00fdt \u017e\u00e1dn\u00e1 hra\u010dka. Koup\u00ed domu to nekon\u010d\u00ed. Pak je t\u0159eba postarat se i o to, aby tu v\u0161e fungovalo tak, jak to fungovat m\u00e1, a to d\u00e1 skute\u010dn\u011b hodn\u011b zabrat. Zejm\u00e9na pokud je na cel\u00fd velk\u00fd objekt, t\u0159eba obytn\u00fd d\u016fm, \u010dlov\u011bk s\u00e1m, kdy\u017e mu s t\u00edm nikdo nepom\u016f\u017ee.A v\u011b\u0159te mi, \u017ee se to u n\u00e1s majitel\u016fm nemovitost\u00ed rozhodn\u011b neusnad\u0148uje. Kdekdo po nich co chv\u00edli n\u011bco chce, a i s\u00e1m objekt pot\u0159ebuje mnohdy \u017e\u00e1douc\u00ed p\u00e9\u010di, aby fungoval tak, jak fungovat m\u00e1. A to aby se \u010dlov\u011bk ub\u011bhal, ud\u0159el a ustaral, aby to n\u011bjak zvl\u00e1dl. Anebo to tak\u00e9 m\u016f\u017ee m\u00edt naprosto v pohod\u011b. To u\u017e toti\u017e z\u00e1le\u017e\u00ed jenom na n\u011bm. Tedy na vlastn\u00edkovi takov\u00e9 nemovitosti. Z\u00e1le\u017e\u00ed na tom, zda se doty\u010dn\u00fd rozhodne d\u011blat v\u0161echny \u010dinnosti souvisej\u00edc\u00ed s jeho nemovitost\u00ed s\u00e1m, nebo zda si na to zjedn\u00e1 pomoc.A kdo mu pom\u016f\u017ee spolehliv\u011b a ochotn\u011b? Pokud jde o objekt v moravsk\u00e9 metropoli, nab\u00edz\u00ed takovou d\u016fle\u017eitou pomoc bytov\u00e9 dru\u017estvo Brno homepartner.cz. Tady se toti\u017e nab\u00edz\u00ed pomoc prakticky se v\u0161\u00edm, co spr\u00e1va n\u011b\u010d\u00edho objektu vy\u017eaduje. A nab\u00eddka je tady skute\u010dn\u011b hodn\u011b pestr\u00e1. A co nab\u00eddka, to d\u016fle\u017eit\u00e1 pomoc, kter\u00e1 se m\u016f\u017ee leckomu hodit.Jenom nahl\u00e9dn\u011bte, co v\u0161echno tady majitel\u016fm dom\u016f nab\u00edzej\u00ed a s \u010d\u00edm jim mohou usnadnit \u017eivot! Mohou se tu postarat o technick\u00e9 z\u00e1le\u017eitosti stejn\u011b jako o z\u00e1le\u017eitosti administrativn\u00edho r\u00e1zu, http:\/\/www.env.cz\/cz\/krajinny_raz  mohou se tu postarat o \u00fa\u0159edni\u010dinu, pen\u00edze i fyzickou pr\u00e1ci. Prost\u011b o v\u0161echno, co domy vy\u017eaduj\u00ed, maj\u00ed-li z\u016fstat dob\u0159e vypadaj\u00edc\u00edmi a norm\u00e1ln\u011b funguj\u00edc\u00edmi.A nen\u00ed vylou\u010den\u00e9, \u017ee si i vy v t\u00e9to nab\u00eddce najdete to prav\u00e9, co vyu\u017eijete.                                                                                                                                                                                                                                                                                                                                                                                          4\/5 - (2 votes)        "},{"@context":"https:\/\/schema.org\/","@type":"BreadcrumbList","itemListElement":[{"@type":"ListItem","position":1,"name":"Kdo se o d\u016fm postar\u00e1?","item":"https:\/\/www.elimar.cz\/kdo-se-o-dum-postara\/#breadcrumbitem"}]}]