[{"@context":"https:\/\/schema.org\/","@type":"Article","@id":"https:\/\/www.elimar.cz\/jakou-podlahu-na-verandu\/#Article","mainEntityOfPage":"https:\/\/www.elimar.cz\/jakou-podlahu-na-verandu\/","headline":"Jakou podlahu na verandu?","name":"Jakou podlahu na verandu?","description":"Podlaha tvo\u0159\u00ed na verand\u011b jednu ze z\u00e1kladn\u00edch \u010d\u00e1sti, stejn\u011b jako st\u0159echa nebo venkovn\u00ed n\u00e1bytek. I proto by se na n\u00ed nem\u011blo zapom\u00ednat. Existuje cel\u00e1 \u0159ada r\u016fzn\u00fdch podlah, kter\u00e1 se hod\u00ed navenek. Z\u00e1le\u017e\u00ed na va\u0161em vkusu a finan\u010dn\u00edch mo\u017enostech. Pokud v\u0161ak m\u00e1te hloub\u011bji do kapsy, nemus\u00ed to b\u00fdt za ka\u017edou cenu z\u00e1vada. I tak si m\u016f\u017eete [&hellip;]","datePublished":"2023-05-15","dateModified":"2023-05-15","author":{"@type":"Person","@id":"https:\/\/www.elimar.cz\/author\/#Person","name":"","url":"https:\/\/www.elimar.cz\/author\/","identifier":1,"image":{"@type":"ImageObject","@id":"https:\/\/secure.gravatar.com\/avatar\/3c4e99fa9a9806cd5e8fd7cac6ca73ff5bbf5f3ee309e1745415eebd31482909?s=96&d=mm&r=g","url":"https:\/\/secure.gravatar.com\/avatar\/3c4e99fa9a9806cd5e8fd7cac6ca73ff5bbf5f3ee309e1745415eebd31482909?s=96&d=mm&r=g","height":96,"width":96}},"publisher":{"@type":"Organization","name":"elimar.cz","logo":{"@type":"ImageObject","@id":"\/logo.png","url":"\/logo.png","width":600,"height":60}},"image":{"@type":"ImageObject","@id":"https:\/\/www.elimar.cz\/wp-content\/uploads\/img_a330613_w2731_t1543135964.jpg","url":"https:\/\/www.elimar.cz\/wp-content\/uploads\/img_a330613_w2731_t1543135964.jpg","height":0,"width":0},"url":"https:\/\/www.elimar.cz\/jakou-podlahu-na-verandu\/","wordCount":424,"articleBody":"Podlaha tvo\u0159\u00ed na verand\u011b jednu ze z\u00e1kladn\u00edch \u010d\u00e1sti, stejn\u011b jako st\u0159echa nebo venkovn\u00ed n\u00e1bytek. I proto by se na n\u00ed nem\u011blo zapom\u00ednat. Existuje cel\u00e1 \u0159ada r\u016fzn\u00fdch podlah, kter\u00e1 se hod\u00ed navenek. Z\u00e1le\u017e\u00ed na va\u0161em vkusu a finan\u010dn\u00edch mo\u017enostech. Pokud v\u0161ak m\u00e1te hloub\u011bji do kapsy, nemus\u00ed to b\u00fdt za ka\u017edou cenu z\u00e1vada. I tak si m\u016f\u017eete vytvo\u0159it podlo\u017e\u00ed, kter\u00e9 bude pevn\u00e9 a z\u00e1rove\u0148 v\u00e1s nebude nic st\u00e1t.\tNejlevn\u011bj\u0161\u00ed podlahaPro \u00fapln\u011b nejlevn\u011bj\u0161\u00ed podlahu, jakou si m\u016f\u017eete u sebe na verand\u011b vykouzlit, nebudete pot\u0159ebovat krom n\u011bkolika placat\u00fdch kamen\u016f prakticky nic dal\u0161\u00edho. Plac\u00e1ky, ide\u00e1ln\u00ed kameny pro stavbu tohoto druhu podlahy, najdete obvykle na b\u0159ez\u00edch potok\u016f, \u0159ek nebo rybn\u00edk\u016f. Tyto kameny pak sta\u010d\u00ed zasadit do zeminy a po\u0159\u00e1dn\u011b udusat. Nezn\u00ed to jako nic moc, ale takto si m\u016f\u017eete vytvo\u0159it pom\u011brn\u011b hezkou mozaiku, zvl\u00e1\u0161t\u011b, pokud si d\u00e1te po\u0159\u00e1dn\u011b z\u00e1le\u017eet. Nejedn\u00e1 se v\u0161ak o trval\u00e9 \u0159e\u0161en\u00ed.\tKlasick\u00e1 dla\u017ebaNejb\u011b\u017en\u011bji se v\u0161ak pou\u017e\u00edv\u00e1 na stavbu terasov\u00fdch podlah a chodn\u00edk\u016f klasick\u00e1 dla\u017eba. V\u00fdhoda dla\u017eby je v hlavn\u011b v pestr\u00e9 nab\u00eddce. Ka\u017ed\u00fd si tak m\u016f\u017ee vybrat takov\u00fd vzor, kter\u00fd mu vyhovuje. Ov\u0161em pozor. Na terasu, tedy do venkovn\u00edho prostoru, byste si m\u011bli vybrat pouze dla\u017ebu k tomu ur\u010denou. Interi\u00e9rov\u00e9 typy jsou v tomto p\u0159\u00edpad\u011b naprosto nevhodn\u00e9. Sta\u010d\u00ed prvn\u00ed podzimn\u00ed mraz\u00edky a m\u016f\u017eete si po\u0159izovat novou podlahu. Cena takov\u00e9 dla\u017eby se odvyj\u00ed na typu pou\u017eit\u00e9ho materi\u00e1lu a velikosti podlahy. N\u00e1klady m\u016f\u017eete sn\u00ed\u017eit nap\u0159\u00edklad t\u00edm, \u017ee si dl\u00e1\u017ed\u011bnou podlahu vybudujete sami. Ov\u0161em mus\u00edte s t\u00edm m\u00edt zku\u0161enosti. V opa\u010dn\u00e9m p\u0159\u00edpad\u011b rad\u011bji povolejte n\u011bkoho, kdo t\u00e9to problematice rozum\u00ed.\tUm\u011bl\u00e1 tr\u00e1vaHitem posledn\u00edch let, nejen co se t\u00fd\u010de terasov\u00fdch podlah, je um\u011bl\u00e1 tr\u00e1va. Nen\u00ed p\u0159\u00edli\u0161 drah\u00e1, p\u0159\u00edjemn\u011b h\u0159eje a nav\u00edc vypad\u00e1 v\u00edce ne\u017e dob\u0159e. Jej\u00ed pokl\u00e1dka je pom\u011brn\u011b jednoduch\u00e1 a m\u011bl by ji zvl\u00e1dnout i amat\u00e9r. Um\u011blou tr\u00e1vu v\u0161ak lze um\u00edstit nap\u0159\u00edklad i jako podlo\u017e\u00ed na balk\u00f3n. Je mo\u017en\u00e9 si vybrat z mnoha odst\u00edn\u016f i hustoty porostu.                                                                                                                                                                                                                                                                                                                                                                                        3.9\/5 - (11 votes)        "},{"@context":"https:\/\/schema.org\/","@type":"BreadcrumbList","itemListElement":[{"@type":"ListItem","position":1,"name":"Jakou podlahu na verandu?","item":"https:\/\/www.elimar.cz\/jakou-podlahu-na-verandu\/#breadcrumbitem"}]}]