[{"@context":"https:\/\/schema.org\/","@type":"Article","@id":"https:\/\/www.elimar.cz\/jak-funguji-tepelna-cerpadla-melnik\/#Article","mainEntityOfPage":"https:\/\/www.elimar.cz\/jak-funguji-tepelna-cerpadla-melnik\/","headline":"Jak funguj\u00ed tepeln\u00e1 \u010derpadla M\u011bln\u00edk","name":"Jak funguj\u00ed tepeln\u00e1 \u010derpadla M\u011bln\u00edk","description":"O tom, \u017ee v zim\u011b chceme m\u00edt doma teplo, je pom\u011brn\u011b jasn\u00e9. Bez toho by mnoho z n\u00e1s zimu nezvl\u00e1dlo. Nen\u00ed tak divu, \u017ee n\u011bjak\u00fd typ vyt\u00e1p\u011bn\u00ed je sou\u010d\u00e1st\u00ed v podstat\u011b ka\u017ed\u00e9 stavby, a to u\u017e od chv\u00edle, kdy jsme se roz\u0161\u00ed\u0159ili tak daleko na sever, aby pro n\u00e1s zimy byly probl\u00e9m. A je jasn\u00e9, [&hellip;]","datePublished":"2024-08-09","dateModified":"2024-08-09","author":{"@type":"Person","@id":"https:\/\/www.elimar.cz\/author\/#Person","name":"","url":"https:\/\/www.elimar.cz\/author\/","identifier":1,"image":{"@type":"ImageObject","@id":"https:\/\/secure.gravatar.com\/avatar\/3c4e99fa9a9806cd5e8fd7cac6ca73ff5bbf5f3ee309e1745415eebd31482909?s=96&d=mm&r=g","url":"https:\/\/secure.gravatar.com\/avatar\/3c4e99fa9a9806cd5e8fd7cac6ca73ff5bbf5f3ee309e1745415eebd31482909?s=96&d=mm&r=g","height":96,"width":96}},"publisher":{"@type":"Organization","name":"elimar.cz","logo":{"@type":"ImageObject","@id":"\/logo.png","url":"\/logo.png","width":600,"height":60}},"image":{"@type":"ImageObject","@id":"https:\/\/www.elimar.cz\/wp-content\/uploads\/topeni4_2.png","url":"https:\/\/www.elimar.cz\/wp-content\/uploads\/topeni4_2.png","height":0,"width":0},"url":"https:\/\/www.elimar.cz\/jak-funguji-tepelna-cerpadla-melnik\/","about":["Business"],"wordCount":417,"articleBody":"   O tom, \u017ee v zim\u011b chceme m\u00edt doma teplo, je pom\u011brn\u011b jasn\u00e9. Bez toho by mnoho z n\u00e1s zimu nezvl\u00e1dlo. Nen\u00ed tak divu, \u017ee n\u011bjak\u00fd typ vyt\u00e1p\u011bn\u00ed je sou\u010d\u00e1st\u00ed v podstat\u011b ka\u017ed\u00e9 stavby, a to u\u017e od chv\u00edle, kdy jsme se roz\u0161\u00ed\u0159ili tak daleko na sever, aby pro n\u00e1s zimy byly probl\u00e9m. A je jasn\u00e9, \u017ee tyto metody se neust\u00e1le vyv\u00edj\u00ed \u2013 nap\u0159\u00edklad dnes ji\u017e prakticky nikdo netop\u00ed doma otev\u0159en\u00fdm ohni\u0161t\u011bm.Av\u0161ak a\u010dkoliv jsou dnes zdaleka nejroz\u0161\u00ed\u0159en\u011bj\u0161\u00ed kotle nejr\u016fzn\u011bj\u0161\u00edch typ\u016f, rozhodn\u011b to neznamen\u00e1, \u017ee se v\u00fdvoj zastavil. To plat\u00ed zvl\u00e1\u0161t\u011b, kdy\u017e si vezmeme neust\u00e1l\u00e9 zp\u0159\u00eds\u0148ov\u00e1n\u00ed emisn\u00edch norem, kter\u00e9 jsou uz\u00e1ko\u0148ov\u00e1ny. Jedna byla nap\u0159\u00edklad zp\u0159\u00edsn\u011bna od leto\u0161n\u00edho z\u00e1\u0159\u00ed, co\u017e pro mnoho lid\u00ed znamenalo, \u017ee mus\u00ed sv\u016fj kotel vym\u011bnit. Je tedy pochopiteln\u00e9, \u017ee se hledaj\u00ed r\u016fzn\u00e9 alternativy. A jednou z nich je i tepeln\u00e9 \u010derpadlo, nap\u0159\u00edklad tepeln\u00e1 \u010derpadla M\u011bln\u00edk. Ta toti\u017e funguj\u00ed \u00fapln\u011b jinak, ne\u017e klasick\u00fd kotel. Ten toti\u017e vytv\u00e1\u0159\u00ed teplo pomoc\u00ed ho\u0159en\u00ed, spalov\u00e1n\u00edm uhl\u00ed, plynu \u010di elektrick\u00fdm v\u00fdbojem. Toto teplo n\u00e1sledn\u011b oh\u0159\u00edv\u00e1 vodu, kter\u00e1 je pak rozv\u00e1d\u011bna do radi\u00e1tor\u016f po cel\u00e9m dom\u011b. Jist\u011b, je to pom\u011brn\u011b \u00fa\u010dinn\u00fd zp\u016fsob, av\u0161ak rozhodn\u011b ne p\u0159\u00edli\u0161 ekologick\u00fd. Proto se hledaj\u00ed jin\u00e9 alternativy.Tepeln\u00e9 \u010derpadlo v\u0161ak funguje jinak. Zde se vyu\u017e\u00edv\u00e1 rozd\u00edlu tepla, a\u0165 u\u017e mezi venkovn\u00edm vzduchem a vnit\u0159kem domu, nebo mezi vnit\u0159kem domu a podzem\u00edm, zde z\u00e1le\u017e\u00ed na konkr\u00e9tn\u00edch podm\u00ednk\u00e1ch dan\u00e9ho m\u00edsta, stejn\u011b jako na finan\u010dn\u00edch mo\u017enostech dan\u00e9ho \u010dlov\u011bka. Je toti\u017e pravdou, \u017ee nen\u00ed ani zdaleka tak levn\u00e1. To je pochopiteln\u00e9, vzhledem k tomu, \u017ee se jedn\u00e1 o pom\u011brn\u011b novou technologii. Ne ka\u017ed\u00fd si ji tak m\u016f\u017ee dovolit.Je v\u0161ak ot\u00e1zkou, zda jsou v dne\u0161n\u00ed dob\u011b dostate\u010dn\u011b \u00fa\u010dinn\u00e9 a maj\u00ed dobr\u00fd pom\u011br cena\/v\u00fdkon. To se samoz\u0159ejm\u011b dnes nemus\u00ed zd\u00e1t, av\u0161ak je pot\u0159eba vz\u00edt v \u00favahu, jak se po\u010das\u00ed v posledn\u00edch letech m\u011bn\u00ed. Jasn\u011b vid\u00edme, \u017ee zimy nejsou ji\u017e ani zdaleka tak mraziv\u00e9, tak\u017ee nen\u00ed nutn\u00fd tak dobr\u00fd tepeln\u00fd syst\u00e9m. A tomu se budeme muset p\u0159izp\u016fsobit.                                                                                                                                                                                                                                                                                                                                                                                          4\/5 - (12 votes)        "},{"@context":"https:\/\/schema.org\/","@type":"BreadcrumbList","itemListElement":[{"@type":"ListItem","position":1,"name":"Jak funguj\u00ed tepeln\u00e1 \u010derpadla M\u011bln\u00edk","item":"https:\/\/www.elimar.cz\/jak-funguji-tepelna-cerpadla-melnik\/#breadcrumbitem"}]}]