{"@context":"https:\/\/schema.org\/","@type":"CollectionPage","@id":"https:\/\/www.elimar.cz\/cestovani\/#CollectionPage","headline":"Cestov\u00e1n\u00ed Category","description":"","url":"https:\/\/www.elimar.cz\/cestovani\/","hasPart":[{"@type":"Article","@id":"https:\/\/www.elimar.cz\/argentina\/","headline":"Argentina","url":"https:\/\/www.elimar.cz\/argentina\/","datePublished":"2024-06-30","dateModified":"2024-06-30","mainEntityOfPage":"https:\/\/www.elimar.cz\/argentina\/","author":{"@type":"Person","@id":"https:\/\/www.elimar.cz\/author\/#Person","name":"","url":"https:\/\/www.elimar.cz\/author\/","identifier":1,"image":{"@type":"ImageObject","@id":"https:\/\/secure.gravatar.com\/avatar\/3c4e99fa9a9806cd5e8fd7cac6ca73ff5bbf5f3ee309e1745415eebd31482909?s=96&d=mm&r=g","url":"https:\/\/secure.gravatar.com\/avatar\/3c4e99fa9a9806cd5e8fd7cac6ca73ff5bbf5f3ee309e1745415eebd31482909?s=96&d=mm&r=g","height":96,"width":96}},"publisher":{"@type":"Organization","name":"elimar.cz","logo":{"@type":"ImageObject","@id":"\/logo.png","url":"\/logo.png","width":600,"height":60}},"image":{"@type":"ImageObject","@id":"https:\/\/www.elimar.cz\/wp-content\/uploads\/little-path-351167_640.jpg","url":"https:\/\/www.elimar.cz\/wp-content\/uploads\/little-path-351167_640.jpg","height":0,"width":0},"keywords":null},{"@type":"Article","@id":"https:\/\/www.elimar.cz\/jezirko-zamilovanych\/","headline":"Jez\u00edrko zamilovan\u00fdch","url":"https:\/\/www.elimar.cz\/jezirko-zamilovanych\/","datePublished":"2023-06-28","dateModified":"2024-03-28","mainEntityOfPage":"https:\/\/www.elimar.cz\/jezirko-zamilovanych\/","author":{"@type":"Person","@id":"https:\/\/www.elimar.cz\/author\/#Person","name":"","url":"https:\/\/www.elimar.cz\/author\/","identifier":1,"image":{"@type":"ImageObject","@id":"https:\/\/secure.gravatar.com\/avatar\/3c4e99fa9a9806cd5e8fd7cac6ca73ff5bbf5f3ee309e1745415eebd31482909?s=96&d=mm&r=g","url":"https:\/\/secure.gravatar.com\/avatar\/3c4e99fa9a9806cd5e8fd7cac6ca73ff5bbf5f3ee309e1745415eebd31482909?s=96&d=mm&r=g","height":96,"width":96}},"publisher":{"@type":"Organization","name":"elimar.cz","logo":{"@type":"ImageObject","@id":"\/logo.png","url":"\/logo.png","width":600,"height":60}},"image":{"@type":"ImageObject","@id":"https:\/\/www.elimar.cz\/wp-content\/uploads\/water-buttercup-2257760_640.jpg","url":"https:\/\/www.elimar.cz\/wp-content\/uploads\/water-buttercup-2257760_640.jpg","height":0,"width":0},"keywords":null},{"@type":"Article","@id":"https:\/\/www.elimar.cz\/praha-neni-jen-rusne-velkomesto\/","headline":"Praha nen\u00ed jen ru\u0161n\u00e9 velkom\u011bsto","url":"https:\/\/www.elimar.cz\/praha-neni-jen-rusne-velkomesto\/","datePublished":"2022-02-11","dateModified":"2023-05-15","mainEntityOfPage":"https:\/\/www.elimar.cz\/praha-neni-jen-rusne-velkomesto\/","author":{"@type":"Person","@id":"https:\/\/www.elimar.cz\/author\/#Person","name":"","url":"https:\/\/www.elimar.cz\/author\/","identifier":1,"image":{"@type":"ImageObject","@id":"https:\/\/secure.gravatar.com\/avatar\/3c4e99fa9a9806cd5e8fd7cac6ca73ff5bbf5f3ee309e1745415eebd31482909?s=96&d=mm&r=g","url":"https:\/\/secure.gravatar.com\/avatar\/3c4e99fa9a9806cd5e8fd7cac6ca73ff5bbf5f3ee309e1745415eebd31482909?s=96&d=mm&r=g","height":96,"width":96}},"publisher":{"@type":"Organization","name":"elimar.cz","logo":{"@type":"ImageObject","@id":"\/logo.png","url":"\/logo.png","width":600,"height":60}},"image":{"@type":"ImageObject","@id":"https:\/\/www.elimar.cz\/wp-content\/uploads\/prague-5405693_640.jpg","url":"https:\/\/www.elimar.cz\/wp-content\/uploads\/prague-5405693_640.jpg","height":0,"width":0},"keywords":null},{"@type":"Article","@id":"https:\/\/www.elimar.cz\/nejmensi-ze-vsech-novozelandskych-narodnich-parku-abel-tasman\/","headline":"Nejmen\u0161\u00ed ze v\u0161ech novoz\u00e9landsk\u00fdch n\u00e1rodn\u00edch park\u016f: Abel Tasman","url":"https:\/\/www.elimar.cz\/nejmensi-ze-vsech-novozelandskych-narodnich-parku-abel-tasman\/","datePublished":"2020-09-20","dateModified":"2023-05-15","mainEntityOfPage":"https:\/\/www.elimar.cz\/nejmensi-ze-vsech-novozelandskych-narodnich-parku-abel-tasman\/","author":{"@type":"Person","@id":"https:\/\/www.elimar.cz\/author\/#Person","name":"","url":"https:\/\/www.elimar.cz\/author\/","identifier":1,"image":{"@type":"ImageObject","@id":"https:\/\/secure.gravatar.com\/avatar\/3c4e99fa9a9806cd5e8fd7cac6ca73ff5bbf5f3ee309e1745415eebd31482909?s=96&d=mm&r=g","url":"https:\/\/secure.gravatar.com\/avatar\/3c4e99fa9a9806cd5e8fd7cac6ca73ff5bbf5f3ee309e1745415eebd31482909?s=96&d=mm&r=g","height":96,"width":96}},"publisher":{"@type":"Organization","name":"elimar.cz","logo":{"@type":"ImageObject","@id":"\/logo.png","url":"\/logo.png","width":600,"height":60}},"image":{"@type":"ImageObject","@id":"https:\/\/www.elimar.cz\/wp-content\/uploads\/img_a299095_w2232_t1509135659.jpg","url":"https:\/\/www.elimar.cz\/wp-content\/uploads\/img_a299095_w2232_t1509135659.jpg","height":0,"width":0},"keywords":null},{"@type":"Article","@id":"https:\/\/www.elimar.cz\/prirodni-krasy-v-okoli-salzburgu\/","headline":"P\u0159\u00edrodn\u00ed kr\u00e1sy v okol\u00ed Salzburgu","url":"https:\/\/www.elimar.cz\/prirodni-krasy-v-okoli-salzburgu\/","datePublished":"2020-09-01","dateModified":"2023-05-15","mainEntityOfPage":"https:\/\/www.elimar.cz\/prirodni-krasy-v-okoli-salzburgu\/","author":{"@type":"Person","@id":"https:\/\/www.elimar.cz\/author\/#Person","name":"","url":"https:\/\/www.elimar.cz\/author\/","identifier":1,"image":{"@type":"ImageObject","@id":"https:\/\/secure.gravatar.com\/avatar\/3c4e99fa9a9806cd5e8fd7cac6ca73ff5bbf5f3ee309e1745415eebd31482909?s=96&d=mm&r=g","url":"https:\/\/secure.gravatar.com\/avatar\/3c4e99fa9a9806cd5e8fd7cac6ca73ff5bbf5f3ee309e1745415eebd31482909?s=96&d=mm&r=g","height":96,"width":96}},"publisher":{"@type":"Organization","name":"elimar.cz","logo":{"@type":"ImageObject","@id":"\/logo.png","url":"\/logo.png","width":600,"height":60}},"image":null,"keywords":null},{"@type":"Article","@id":"https:\/\/www.elimar.cz\/kouzlo-armenie-z-pohledu-cestovatele\/","headline":"Kouzlo Arm\u00e9nie z pohledu cestovatele","url":"https:\/\/www.elimar.cz\/kouzlo-armenie-z-pohledu-cestovatele\/","datePublished":"2019-11-09","dateModified":"2023-05-15","mainEntityOfPage":"https:\/\/www.elimar.cz\/kouzlo-armenie-z-pohledu-cestovatele\/","author":{"@type":"Person","@id":"https:\/\/www.elimar.cz\/author\/#Person","name":"","url":"https:\/\/www.elimar.cz\/author\/","identifier":1,"image":{"@type":"ImageObject","@id":"https:\/\/secure.gravatar.com\/avatar\/3c4e99fa9a9806cd5e8fd7cac6ca73ff5bbf5f3ee309e1745415eebd31482909?s=96&d=mm&r=g","url":"https:\/\/secure.gravatar.com\/avatar\/3c4e99fa9a9806cd5e8fd7cac6ca73ff5bbf5f3ee309e1745415eebd31482909?s=96&d=mm&r=g","height":96,"width":96}},"publisher":{"@type":"Organization","name":"elimar.cz","logo":{"@type":"ImageObject","@id":"\/logo.png","url":"\/logo.png","width":600,"height":60}},"image":{"@type":"ImageObject","@id":"https:\/\/www.elimar.cz\/wp-content\/uploads\/img_a361135_w3199_t1574541021.jpg","url":"https:\/\/www.elimar.cz\/wp-content\/uploads\/img_a361135_w3199_t1574541021.jpg","height":0,"width":0},"keywords":null},{"@type":"Article","@id":"https:\/\/www.elimar.cz\/jak-naucit-deti-spravne-cestovat\/","headline":"Jak nau\u010dit d\u011bti spr\u00e1vn\u011b cestovat","url":"https:\/\/www.elimar.cz\/jak-naucit-deti-spravne-cestovat\/","datePublished":"2019-08-11","dateModified":"2023-05-15","mainEntityOfPage":"https:\/\/www.elimar.cz\/jak-naucit-deti-spravne-cestovat\/","author":{"@type":"Person","@id":"https:\/\/www.elimar.cz\/author\/#Person","name":"","url":"https:\/\/www.elimar.cz\/author\/","identifier":1,"image":{"@type":"ImageObject","@id":"https:\/\/secure.gravatar.com\/avatar\/3c4e99fa9a9806cd5e8fd7cac6ca73ff5bbf5f3ee309e1745415eebd31482909?s=96&d=mm&r=g","url":"https:\/\/secure.gravatar.com\/avatar\/3c4e99fa9a9806cd5e8fd7cac6ca73ff5bbf5f3ee309e1745415eebd31482909?s=96&d=mm&r=g","height":96,"width":96}},"publisher":{"@type":"Organization","name":"elimar.cz","logo":{"@type":"ImageObject","@id":"\/logo.png","url":"\/logo.png","width":600,"height":60}},"image":{"@type":"ImageObject","@id":"https:\/\/www.elimar.cz\/wp-content\/uploads\/img_a352664_w3199_t1567139707.jpg","url":"https:\/\/www.elimar.cz\/wp-content\/uploads\/img_a352664_w3199_t1567139707.jpg","height":0,"width":0},"keywords":null}]}