[{"@context":"https:\/\/schema.org\/","@type":"Blog","@id":"https:\/\/www.elimar.cz#Blog","headline":"Elimar","description":"\nNev\u00edte, co si po\u010d\u00edt se sv\u00fdm voln\u00fdm nadbyte\u010dn\u00fdm \u010dasem? My bychom pro v\u00e1s nejsp\u00ed\u0161e n\u011bco m\u011bli. Zav\u00edtejte na n\u00e1\u0161 web a uvid\u00edte, co m\u00e1me na mysli.","url":"https:\/\/www.elimar.cz","hasPart":[{"@type":"Article","@id":"https:\/\/www.elimar.cz\/prodej-nemovitosti-s-realitni-kancelari-by-mel-byt-predevsim-bezpecny\/","headline":"Prodej nemovitost\u00ed s realitn\u00ed kancel\u00e1\u0159\u00ed by m\u011bl b\u00fdt p\u0159edev\u0161\u00edm bezpe\u010dn\u00fd","url":"https:\/\/www.elimar.cz\/prodej-nemovitosti-s-realitni-kancelari-by-mel-byt-predevsim-bezpecny\/","datePublished":"2026-02-13","dateModified":"2026-02-13","mainEntityOfPage":"https:\/\/www.elimar.cz\/prodej-nemovitosti-s-realitni-kancelari-by-mel-byt-predevsim-bezpecny\/","author":{"@type":"Person","@id":"https:\/\/www.elimar.cz\/author\/#Person","name":"","url":"https:\/\/www.elimar.cz\/author\/","identifier":1,"image":{"@type":"ImageObject","@id":"https:\/\/secure.gravatar.com\/avatar\/3c4e99fa9a9806cd5e8fd7cac6ca73ff5bbf5f3ee309e1745415eebd31482909?s=96&d=mm&r=g","url":"https:\/\/secure.gravatar.com\/avatar\/3c4e99fa9a9806cd5e8fd7cac6ca73ff5bbf5f3ee309e1745415eebd31482909?s=96&d=mm&r=g","height":96,"width":96}},"publisher":{"@type":"Organization","name":"elimar.cz","logo":{"@type":"ImageObject","@id":"\/logo.png","url":"\/logo.png","width":600,"height":60}},"image":{"@type":"ImageObject","@id":"https:\/\/www.elimar.cz\/wp-content\/uploads\/randyjost-architecture-5339245_640.jpg","url":"https:\/\/www.elimar.cz\/wp-content\/uploads\/randyjost-architecture-5339245_640.jpg","height":0,"width":0},"wordCount":493,"keywords":null},{"@type":"Article","@id":"https:\/\/www.elimar.cz\/uskali-spojena-s-vyklizenim-objektu\/","headline":"\u00daskal\u00ed spojen\u00e1 s vykl\u00edzen\u00edm objekt\u016f","url":"https:\/\/www.elimar.cz\/uskali-spojena-s-vyklizenim-objektu\/","datePublished":"2025-11-18","dateModified":"2025-11-18","mainEntityOfPage":"https:\/\/www.elimar.cz\/uskali-spojena-s-vyklizenim-objektu\/","author":{"@type":"Person","@id":"https:\/\/www.elimar.cz\/author\/#Person","name":"","url":"https:\/\/www.elimar.cz\/author\/","identifier":1,"image":{"@type":"ImageObject","@id":"https:\/\/secure.gravatar.com\/avatar\/3c4e99fa9a9806cd5e8fd7cac6ca73ff5bbf5f3ee309e1745415eebd31482909?s=96&d=mm&r=g","url":"https:\/\/secure.gravatar.com\/avatar\/3c4e99fa9a9806cd5e8fd7cac6ca73ff5bbf5f3ee309e1745415eebd31482909?s=96&d=mm&r=g","height":96,"width":96}},"publisher":{"@type":"Organization","name":"elimar.cz","logo":{"@type":"ImageObject","@id":"\/logo.png","url":"\/logo.png","width":600,"height":60}},"image":{"@type":"ImageObject","@id":"https:\/\/www.elimar.cz\/wp-content\/uploads\/interior-2700712_640.jpg","url":"https:\/\/www.elimar.cz\/wp-content\/uploads\/interior-2700712_640.jpg","height":0,"width":0},"wordCount":575,"keywords":null},{"@type":"Article","@id":"https:\/\/www.elimar.cz\/kouzlo-a-blahodarnost-lidskeho-dotyku\/","headline":"Kouzlo a blahod\u00e1rnost lidsk\u00e9ho dotyku.","url":"https:\/\/www.elimar.cz\/kouzlo-a-blahodarnost-lidskeho-dotyku\/","datePublished":"2025-08-31","dateModified":"2025-08-31","mainEntityOfPage":"https:\/\/www.elimar.cz\/kouzlo-a-blahodarnost-lidskeho-dotyku\/","author":{"@type":"Person","@id":"https:\/\/www.elimar.cz\/author\/#Person","name":"","url":"https:\/\/www.elimar.cz\/author\/","identifier":1,"image":{"@type":"ImageObject","@id":"https:\/\/secure.gravatar.com\/avatar\/3c4e99fa9a9806cd5e8fd7cac6ca73ff5bbf5f3ee309e1745415eebd31482909?s=96&d=mm&r=g","url":"https:\/\/secure.gravatar.com\/avatar\/3c4e99fa9a9806cd5e8fd7cac6ca73ff5bbf5f3ee309e1745415eebd31482909?s=96&d=mm&r=g","height":96,"width":96}},"publisher":{"@type":"Organization","name":"elimar.cz","logo":{"@type":"ImageObject","@id":"\/logo.png","url":"\/logo.png","width":600,"height":60}},"image":null,"wordCount":271,"keywords":null},{"@type":"Article","@id":"https:\/\/www.elimar.cz\/pohodlny-nakup\/","headline":"Pohodln\u00fd n\u00e1kup","url":"https:\/\/www.elimar.cz\/pohodlny-nakup\/","datePublished":"2025-08-23","dateModified":"2025-08-23","mainEntityOfPage":"https:\/\/www.elimar.cz\/pohodlny-nakup\/","author":{"@type":"Person","@id":"https:\/\/www.elimar.cz\/author\/#Person","name":"","url":"https:\/\/www.elimar.cz\/author\/","identifier":1,"image":{"@type":"ImageObject","@id":"https:\/\/secure.gravatar.com\/avatar\/3c4e99fa9a9806cd5e8fd7cac6ca73ff5bbf5f3ee309e1745415eebd31482909?s=96&d=mm&r=g","url":"https:\/\/secure.gravatar.com\/avatar\/3c4e99fa9a9806cd5e8fd7cac6ca73ff5bbf5f3ee309e1745415eebd31482909?s=96&d=mm&r=g","height":96,"width":96}},"publisher":{"@type":"Organization","name":"elimar.cz","logo":{"@type":"ImageObject","@id":"\/logo.png","url":"\/logo.png","width":600,"height":60}},"image":null,"wordCount":293,"keywords":null},{"@type":"Article","@id":"https:\/\/www.elimar.cz\/resite-li-vase-ulozne-prostory\/","headline":"\u0158e\u0161\u00edte-li va\u0161e \u00falo\u017en\u00e9 prostory","url":"https:\/\/www.elimar.cz\/resite-li-vase-ulozne-prostory\/","datePublished":"2025-08-16","dateModified":"2025-08-16","mainEntityOfPage":"https:\/\/www.elimar.cz\/resite-li-vase-ulozne-prostory\/","author":{"@type":"Person","@id":"https:\/\/www.elimar.cz\/author\/#Person","name":"","url":"https:\/\/www.elimar.cz\/author\/","identifier":1,"image":{"@type":"ImageObject","@id":"https:\/\/secure.gravatar.com\/avatar\/3c4e99fa9a9806cd5e8fd7cac6ca73ff5bbf5f3ee309e1745415eebd31482909?s=96&d=mm&r=g","url":"https:\/\/secure.gravatar.com\/avatar\/3c4e99fa9a9806cd5e8fd7cac6ca73ff5bbf5f3ee309e1745415eebd31482909?s=96&d=mm&r=g","height":96,"width":96}},"publisher":{"@type":"Organization","name":"elimar.cz","logo":{"@type":"ImageObject","@id":"\/logo.png","url":"\/logo.png","width":600,"height":60}},"image":null,"wordCount":244,"keywords":null},{"@type":"Article","@id":"https:\/\/www.elimar.cz\/vsechno-pro-tenisove-nadsence\/","headline":"V\u0161echno pro tenisov\u00e9 nad\u0161ence","url":"https:\/\/www.elimar.cz\/vsechno-pro-tenisove-nadsence\/","datePublished":"2025-08-11","dateModified":"2025-08-11","mainEntityOfPage":"https:\/\/www.elimar.cz\/vsechno-pro-tenisove-nadsence\/","author":{"@type":"Person","@id":"https:\/\/www.elimar.cz\/author\/#Person","name":"","url":"https:\/\/www.elimar.cz\/author\/","identifier":1,"image":{"@type":"ImageObject","@id":"https:\/\/secure.gravatar.com\/avatar\/3c4e99fa9a9806cd5e8fd7cac6ca73ff5bbf5f3ee309e1745415eebd31482909?s=96&d=mm&r=g","url":"https:\/\/secure.gravatar.com\/avatar\/3c4e99fa9a9806cd5e8fd7cac6ca73ff5bbf5f3ee309e1745415eebd31482909?s=96&d=mm&r=g","height":96,"width":96}},"publisher":{"@type":"Organization","name":"elimar.cz","logo":{"@type":"ImageObject","@id":"\/logo.png","url":"\/logo.png","width":600,"height":60}},"image":null,"wordCount":220,"keywords":null},{"@type":"Article","@id":"https:\/\/www.elimar.cz\/doprejte-si-vyjimecny-nabytek\/","headline":"Dop\u0159ejte si v\u00fdjime\u010dn\u00fd n\u00e1bytek","url":"https:\/\/www.elimar.cz\/doprejte-si-vyjimecny-nabytek\/","datePublished":"2025-08-04","dateModified":"2025-08-04","mainEntityOfPage":"https:\/\/www.elimar.cz\/doprejte-si-vyjimecny-nabytek\/","author":{"@type":"Person","@id":"https:\/\/www.elimar.cz\/author\/#Person","name":"","url":"https:\/\/www.elimar.cz\/author\/","identifier":1,"image":{"@type":"ImageObject","@id":"https:\/\/secure.gravatar.com\/avatar\/3c4e99fa9a9806cd5e8fd7cac6ca73ff5bbf5f3ee309e1745415eebd31482909?s=96&d=mm&r=g","url":"https:\/\/secure.gravatar.com\/avatar\/3c4e99fa9a9806cd5e8fd7cac6ca73ff5bbf5f3ee309e1745415eebd31482909?s=96&d=mm&r=g","height":96,"width":96}},"publisher":{"@type":"Organization","name":"elimar.cz","logo":{"@type":"ImageObject","@id":"\/logo.png","url":"\/logo.png","width":600,"height":60}},"image":null,"wordCount":223,"keywords":null},{"@type":"Article","@id":"https:\/\/www.elimar.cz\/efektivni-a-veskrze-prakticke\/","headline":"Efektivn\u00ed a veskrze praktick\u00e9","url":"https:\/\/www.elimar.cz\/efektivni-a-veskrze-prakticke\/","datePublished":"2025-07-30","dateModified":"2025-07-30","mainEntityOfPage":"https:\/\/www.elimar.cz\/efektivni-a-veskrze-prakticke\/","author":{"@type":"Person","@id":"https:\/\/www.elimar.cz\/author\/#Person","name":"","url":"https:\/\/www.elimar.cz\/author\/","identifier":1,"image":{"@type":"ImageObject","@id":"https:\/\/secure.gravatar.com\/avatar\/3c4e99fa9a9806cd5e8fd7cac6ca73ff5bbf5f3ee309e1745415eebd31482909?s=96&d=mm&r=g","url":"https:\/\/secure.gravatar.com\/avatar\/3c4e99fa9a9806cd5e8fd7cac6ca73ff5bbf5f3ee309e1745415eebd31482909?s=96&d=mm&r=g","height":96,"width":96}},"publisher":{"@type":"Organization","name":"elimar.cz","logo":{"@type":"ImageObject","@id":"\/logo.png","url":"\/logo.png","width":600,"height":60}},"image":null,"wordCount":228,"keywords":null},{"@type":"Article","@id":"https:\/\/www.elimar.cz\/zenska-chut-nakupovat\/","headline":"\u017densk\u00e1 chu\u0165 nakupovat","url":"https:\/\/www.elimar.cz\/zenska-chut-nakupovat\/","datePublished":"2025-07-21","dateModified":"2025-07-21","mainEntityOfPage":"https:\/\/www.elimar.cz\/zenska-chut-nakupovat\/","author":{"@type":"Person","@id":"https:\/\/www.elimar.cz\/author\/#Person","name":"","url":"https:\/\/www.elimar.cz\/author\/","identifier":1,"image":{"@type":"ImageObject","@id":"https:\/\/secure.gravatar.com\/avatar\/3c4e99fa9a9806cd5e8fd7cac6ca73ff5bbf5f3ee309e1745415eebd31482909?s=96&d=mm&r=g","url":"https:\/\/secure.gravatar.com\/avatar\/3c4e99fa9a9806cd5e8fd7cac6ca73ff5bbf5f3ee309e1745415eebd31482909?s=96&d=mm&r=g","height":96,"width":96}},"publisher":{"@type":"Organization","name":"elimar.cz","logo":{"@type":"ImageObject","@id":"\/logo.png","url":"\/logo.png","width":600,"height":60}},"image":null,"wordCount":212,"keywords":null},{"@type":"Article","@id":"https:\/\/www.elimar.cz\/skvela-pece-o-telo-i-mysl\/","headline":"Skv\u011bl\u00e1 p\u00e9\u010de o t\u011blo i mysl","url":"https:\/\/www.elimar.cz\/skvela-pece-o-telo-i-mysl\/","datePublished":"2025-07-15","dateModified":"2025-07-15","mainEntityOfPage":"https:\/\/www.elimar.cz\/skvela-pece-o-telo-i-mysl\/","author":{"@type":"Person","@id":"https:\/\/www.elimar.cz\/author\/#Person","name":"","url":"https:\/\/www.elimar.cz\/author\/","identifier":1,"image":{"@type":"ImageObject","@id":"https:\/\/secure.gravatar.com\/avatar\/3c4e99fa9a9806cd5e8fd7cac6ca73ff5bbf5f3ee309e1745415eebd31482909?s=96&d=mm&r=g","url":"https:\/\/secure.gravatar.com\/avatar\/3c4e99fa9a9806cd5e8fd7cac6ca73ff5bbf5f3ee309e1745415eebd31482909?s=96&d=mm&r=g","height":96,"width":96}},"publisher":{"@type":"Organization","name":"elimar.cz","logo":{"@type":"ImageObject","@id":"\/logo.png","url":"\/logo.png","width":600,"height":60}},"image":null,"wordCount":264,"keywords":null}]},{"@context":"https:\/\/schema.org","@type":"WebSite","@id":"https:\/\/www.elimar.cz\/#website","name":"Elimar","url":"https:\/\/www.elimar.cz","potentialAction":{"@type":"SearchAction","target":"https:\/\/www.elimar.cz\/?s={search_term_string}","query-input":"required name=search_term_string"}}]